{"id":397,"date":"2024-03-24T14:39:52","date_gmt":"2024-03-24T14:39:52","guid":{"rendered":"https:\/\/www.tryggtrafikk.no\/fylkeskontorer\/?p=397"},"modified":"2026-03-20T10:27:55","modified_gmt":"2026-03-20T10:27:55","slug":"barnehagekurs-i-steinkjer","status":"publish","type":"post","link":"https:\/\/www.tryggtrafikk.no\/fylkeskontorer\/artikler\/trygg-trafikk-trondelag-nyheter\/barnehagekurs-i-steinkjer\/","title":{"rendered":"Barnehagekurs i Steinkjer"},"content":{"rendered":"<div class=\"site-breadcrumbs has-text-align-left\"><span><span><a href=\"https:\/\/www.tryggtrafikk.no\/fylkeskontorer\/\">Home<\/a><\/span><\/span><\/div><h1 class=\"wp-block-post-title\">Barnehagekurs i Steinkjer<\/h1>\n\n<div class=\"wp-block-post-excerpt\"><p class=\"wp-block-post-excerpt__excerpt\">Tirsdag 27. februar ble det arrangert kurs for barnehageansatte p\u00e5 Best Western Tingvold Park Hotel i Steinkjer. <\/p><\/div>\n\n<figure class=\"alignwide wp-block-post-featured-image\"><img loading=\"lazy\" width=\"2110\" height=\"2560\" src=\"https:\/\/www.tryggtrafikk.no\/content\/uploads\/sites\/9\/2024\/03\/IMG_8570-scaled-1.jpg\" class=\"attachment-post-thumbnail size-post-thumbnail wp-post-image\" alt=\"\" style=\"object-fit:cover;\" srcset=\"https:\/\/www.tryggtrafikk.no\/content\/uploads\/sites\/9\/2024\/03\/IMG_8570-scaled-1.jpg 2110w, https:\/\/www.tryggtrafikk.no\/content\/uploads\/sites\/9\/2024\/03\/IMG_8570-scaled-1-247x300.jpg 247w, https:\/\/www.tryggtrafikk.no\/content\/uploads\/sites\/9\/2024\/03\/IMG_8570-scaled-1-844x1024.jpg 844w, https:\/\/www.tryggtrafikk.no\/content\/uploads\/sites\/9\/2024\/03\/IMG_8570-scaled-1-768x932.jpg 768w, https:\/\/www.tryggtrafikk.no\/content\/uploads\/sites\/9\/2024\/03\/IMG_8570-scaled-1-1266x1536.jpg 1266w, https:\/\/www.tryggtrafikk.no\/content\/uploads\/sites\/9\/2024\/03\/IMG_8570-scaled-1-1688x2048.jpg 1688w\" sizes=\"auto, (max-width: 2110px) 100vw, 2110px\" \/><\/figure>\n\n\t<div class=\"t2-byline wp-block-t2-byline\" >\n\t\t\t\t<div class=\"t2-byline__time\">\n\t\t\t\t\t\t\t<small class=\"entry-date\">\n\t\t\t\t\t<span class=\"screen-reader-text\">Lagt ut p\u00e5 <\/span>\n\t\t\t\t\t24. mars 2024\t\t\t\t<\/small>\n\t\t\t\t\t\t\t\t<\/div>\n\t<\/div>\n\t\n\n\n<p>Etter tilbakemeldingene \u00e5 d\u00f8mme var det en forn\u00f8yd gjeng som forlot hotellet etter endt dag. Trygg Trafikk Tr\u00f8ndelag takker kursdeltakerne for at de i en travel barnehagehverdag tok seg tid til \u00e5 ta et dypdykk inn i trafikkens verden. Vi \u00f8nsker ogs\u00e5 \u00e5 takke spesialr\u00e5dgiver oppl\u00e6ring i Trygg Trafikk Marie Louise Simonsen Zangenberg for \u00e5 lede gruppa st\u00f8dig gjennom dagen.&nbsp;&nbsp;<\/p>\n\n\n\n<p>Foto og tekst:&nbsp;Barbro Formo Hanssen.<\/p>\n","protected":false},"excerpt":{"rendered":"<p>Tirsdag 27. februar ble det arrangert kurs for barnehageansatte p\u00e5 Best Western Tingvold Park Hotel i Steinkjer.<\/p>\n","protected":false},"author":6,"featured_media":398,"comment_status":"closed","ping_status":"closed","sticky":false,"template":"","format":"standard","meta":{"show_toc":false,"tryggtrafikk_poll_votes":[],"hide_header_title":false,"alt_breadcrumbs_title":"","footnotes":"","boosted":0},"categories":[38],"fylke":[11],"cs_tag":[],"class_list":["post-397","post","type-post","status-publish","format-standard","has-post-thumbnail","hentry","category-trygg-trafikk-trondelag-nyheter"],"yoast_head":"<!-- This site is optimized with the Yoast SEO Premium plugin v26.1 (Yoast SEO v26.1.1) - https:\/\/yoast.com\/wordpress\/plugins\/seo\/ -->\n<title>Barnehagekurs i Steinkjer - Trygg Trafikk - Fylkeskontorer<\/title>\n<meta name=\"robots\" content=\"index, follow, max-snippet:-1, max-image-preview:large, max-video-preview:-1\" \/>\n<link rel=\"canonical\" href=\"https:\/\/www.tryggtrafikk.no\/fylkeskontorer\/artikler\/trygg-trafikk-trondelag-nyheter\/barnehagekurs-i-steinkjer\/\" \/>\n<meta property=\"og:locale\" content=\"nb_NO\" \/>\n<meta property=\"og:type\" content=\"article\" \/>\n<meta property=\"og:title\" content=\"Barnehagekurs i Steinkjer\" \/>\n<meta property=\"og:description\" content=\"Tirsdag 27. februar ble det arrangert kurs for barnehageansatte p\u00e5 Best Western Tingvold Park Hotel i Steinkjer.\" \/>\n<meta property=\"og:url\" content=\"https:\/\/www.tryggtrafikk.no\/fylkeskontorer\/artikler\/trygg-trafikk-trondelag-nyheter\/barnehagekurs-i-steinkjer\/\" \/>\n<meta property=\"og:site_name\" content=\"Trygg Trafikk - Fylkeskontorer\" \/>\n<meta property=\"article:published_time\" content=\"2024-03-24T14:39:52+00:00\" \/>\n<meta property=\"article:modified_time\" content=\"2026-03-20T10:27:55+00:00\" \/>\n<meta property=\"og:image\" content=\"https:\/\/www.tryggtrafikk.no\/content\/uploads\/sites\/9\/2024\/03\/IMG_8570-scaled-1.jpg\" \/>\n\t<meta property=\"og:image:width\" content=\"2110\" \/>\n\t<meta property=\"og:image:height\" content=\"2560\" \/>\n\t<meta property=\"og:image:type\" content=\"image\/jpeg\" \/>\n<meta name=\"author\" content=\"Siw Didriksen\" \/>\n<meta name=\"twitter:card\" content=\"summary_large_image\" \/>\n<meta name=\"twitter:label1\" content=\"Skrevet av\" \/>\n\t<meta name=\"twitter:data1\" content=\"Siw Didriksen\" \/>\n\t<meta name=\"twitter:label2\" content=\"Ansl. lesetid\" \/>\n\t<meta name=\"twitter:data2\" content=\"1 minutt\" \/>\n<script type=\"application\/ld+json\" class=\"yoast-schema-graph\">{\"@context\":\"https:\/\/schema.org\",\"@graph\":[{\"@type\":\"WebPage\",\"@id\":\"https:\/\/www.tryggtrafikk.no\/fylkeskontorer\/artikler\/trygg-trafikk-trondelag-nyheter\/barnehagekurs-i-steinkjer\/\",\"url\":\"https:\/\/www.tryggtrafikk.no\/fylkeskontorer\/artikler\/trygg-trafikk-trondelag-nyheter\/barnehagekurs-i-steinkjer\/\",\"name\":\"Barnehagekurs i Steinkjer - Trygg Trafikk - Fylkeskontorer\",\"isPartOf\":{\"@id\":\"https:\/\/www.tryggtrafikk.no\/fylkeskontorer\/#website\"},\"primaryImageOfPage\":{\"@id\":\"https:\/\/www.tryggtrafikk.no\/fylkeskontorer\/artikler\/trygg-trafikk-trondelag-nyheter\/barnehagekurs-i-steinkjer\/#primaryimage\"},\"image\":{\"@id\":\"https:\/\/www.tryggtrafikk.no\/fylkeskontorer\/artikler\/trygg-trafikk-trondelag-nyheter\/barnehagekurs-i-steinkjer\/#primaryimage\"},\"thumbnailUrl\":\"https:\/\/www.tryggtrafikk.no\/content\/uploads\/sites\/9\/2024\/03\/IMG_8570-scaled-1.jpg\",\"datePublished\":\"2024-03-24T14:39:52+00:00\",\"dateModified\":\"2026-03-20T10:27:55+00:00\",\"author\":{\"@id\":\"https:\/\/www.tryggtrafikk.no\/fylkeskontorer\/#\/schema\/person\/3e4af7bc5f0ac83dbbc753e48ee5ced3\"},\"breadcrumb\":{\"@id\":\"https:\/\/www.tryggtrafikk.no\/fylkeskontorer\/artikler\/trygg-trafikk-trondelag-nyheter\/barnehagekurs-i-steinkjer\/#breadcrumb\"},\"inLanguage\":\"nb-NO\",\"potentialAction\":[{\"@type\":\"ReadAction\",\"target\":[\"https:\/\/www.tryggtrafikk.no\/fylkeskontorer\/artikler\/trygg-trafikk-trondelag-nyheter\/barnehagekurs-i-steinkjer\/\"]}]},{\"@type\":\"ImageObject\",\"inLanguage\":\"nb-NO\",\"@id\":\"https:\/\/www.tryggtrafikk.no\/fylkeskontorer\/artikler\/trygg-trafikk-trondelag-nyheter\/barnehagekurs-i-steinkjer\/#primaryimage\",\"url\":\"https:\/\/www.tryggtrafikk.no\/content\/uploads\/sites\/9\/2024\/03\/IMG_8570-scaled-1.jpg\",\"contentUrl\":\"https:\/\/www.tryggtrafikk.no\/content\/uploads\/sites\/9\/2024\/03\/IMG_8570-scaled-1.jpg\",\"width\":2110,\"height\":2560},{\"@type\":\"BreadcrumbList\",\"@id\":\"https:\/\/www.tryggtrafikk.no\/fylkeskontorer\/artikler\/trygg-trafikk-trondelag-nyheter\/barnehagekurs-i-steinkjer\/#breadcrumb\",\"itemListElement\":[{\"@type\":\"ListItem\",\"position\":1,\"name\":\"Home\",\"item\":\"https:\/\/www.tryggtrafikk.no\/fylkeskontorer\/\"},{\"@type\":\"ListItem\",\"position\":2,\"name\":\"Barnehagekurs i Steinkjer\"}]},{\"@type\":\"WebSite\",\"@id\":\"https:\/\/www.tryggtrafikk.no\/fylkeskontorer\/#website\",\"url\":\"https:\/\/www.tryggtrafikk.no\/fylkeskontorer\/\",\"name\":\"Trygg Trafikk - Fylkeskontorer\",\"description\":\"\",\"potentialAction\":[{\"@type\":\"SearchAction\",\"target\":{\"@type\":\"EntryPoint\",\"urlTemplate\":\"https:\/\/www.tryggtrafikk.no\/fylkeskontorer\/?s={search_term_string}\"},\"query-input\":{\"@type\":\"PropertyValueSpecification\",\"valueRequired\":true,\"valueName\":\"search_term_string\"}}],\"inLanguage\":\"nb-NO\"},{\"@type\":\"Person\",\"@id\":\"https:\/\/www.tryggtrafikk.no\/fylkeskontorer\/#\/schema\/person\/3e4af7bc5f0ac83dbbc753e48ee5ced3\",\"name\":\"Siw Didriksen\",\"image\":{\"@type\":\"ImageObject\",\"inLanguage\":\"nb-NO\",\"@id\":\"https:\/\/www.tryggtrafikk.no\/fylkeskontorer\/#\/schema\/person\/image\/\",\"url\":\"https:\/\/secure.gravatar.com\/avatar\/808351711a84fc73e26edcc23d5f03e8?s=96&d=mm&r=g\",\"contentUrl\":\"https:\/\/secure.gravatar.com\/avatar\/808351711a84fc73e26edcc23d5f03e8?s=96&d=mm&r=g\",\"caption\":\"Siw Didriksen\"},\"url\":\"https:\/\/www.tryggtrafikk.no\/fylkeskontorer\/author\/siwpaulsen\/\"}]}<\/script>\n<!-- \/ Yoast SEO Premium plugin. -->","yoast_head_json":{"title":"Barnehagekurs i Steinkjer - Trygg Trafikk - Fylkeskontorer","robots":{"index":"index","follow":"follow","max-snippet":"max-snippet:-1","max-image-preview":"max-image-preview:large","max-video-preview":"max-video-preview:-1"},"canonical":"https:\/\/www.tryggtrafikk.no\/fylkeskontorer\/artikler\/trygg-trafikk-trondelag-nyheter\/barnehagekurs-i-steinkjer\/","og_locale":"nb_NO","og_type":"article","og_title":"Barnehagekurs i Steinkjer","og_description":"Tirsdag 27. februar ble det arrangert kurs for barnehageansatte p\u00e5 Best Western Tingvold Park Hotel i Steinkjer.","og_url":"https:\/\/www.tryggtrafikk.no\/fylkeskontorer\/artikler\/trygg-trafikk-trondelag-nyheter\/barnehagekurs-i-steinkjer\/","og_site_name":"Trygg Trafikk - Fylkeskontorer","article_published_time":"2024-03-24T14:39:52+00:00","article_modified_time":"2026-03-20T10:27:55+00:00","og_image":[{"width":2110,"height":2560,"url":"https:\/\/www.tryggtrafikk.no\/content\/uploads\/sites\/9\/2024\/03\/IMG_8570-scaled-1.jpg","type":"image\/jpeg"}],"author":"Siw Didriksen","twitter_card":"summary_large_image","twitter_misc":{"Skrevet av":"Siw Didriksen","Ansl. lesetid":"1 minutt"},"schema":{"@context":"https:\/\/schema.org","@graph":[{"@type":"WebPage","@id":"https:\/\/www.tryggtrafikk.no\/fylkeskontorer\/artikler\/trygg-trafikk-trondelag-nyheter\/barnehagekurs-i-steinkjer\/","url":"https:\/\/www.tryggtrafikk.no\/fylkeskontorer\/artikler\/trygg-trafikk-trondelag-nyheter\/barnehagekurs-i-steinkjer\/","name":"Barnehagekurs i Steinkjer - Trygg Trafikk - Fylkeskontorer","isPartOf":{"@id":"https:\/\/www.tryggtrafikk.no\/fylkeskontorer\/#website"},"primaryImageOfPage":{"@id":"https:\/\/www.tryggtrafikk.no\/fylkeskontorer\/artikler\/trygg-trafikk-trondelag-nyheter\/barnehagekurs-i-steinkjer\/#primaryimage"},"image":{"@id":"https:\/\/www.tryggtrafikk.no\/fylkeskontorer\/artikler\/trygg-trafikk-trondelag-nyheter\/barnehagekurs-i-steinkjer\/#primaryimage"},"thumbnailUrl":"https:\/\/www.tryggtrafikk.no\/content\/uploads\/sites\/9\/2024\/03\/IMG_8570-scaled-1.jpg","datePublished":"2024-03-24T14:39:52+00:00","dateModified":"2026-03-20T10:27:55+00:00","author":{"@id":"https:\/\/www.tryggtrafikk.no\/fylkeskontorer\/#\/schema\/person\/3e4af7bc5f0ac83dbbc753e48ee5ced3"},"breadcrumb":{"@id":"https:\/\/www.tryggtrafikk.no\/fylkeskontorer\/artikler\/trygg-trafikk-trondelag-nyheter\/barnehagekurs-i-steinkjer\/#breadcrumb"},"inLanguage":"nb-NO","potentialAction":[{"@type":"ReadAction","target":["https:\/\/www.tryggtrafikk.no\/fylkeskontorer\/artikler\/trygg-trafikk-trondelag-nyheter\/barnehagekurs-i-steinkjer\/"]}]},{"@type":"ImageObject","inLanguage":"nb-NO","@id":"https:\/\/www.tryggtrafikk.no\/fylkeskontorer\/artikler\/trygg-trafikk-trondelag-nyheter\/barnehagekurs-i-steinkjer\/#primaryimage","url":"https:\/\/www.tryggtrafikk.no\/content\/uploads\/sites\/9\/2024\/03\/IMG_8570-scaled-1.jpg","contentUrl":"https:\/\/www.tryggtrafikk.no\/content\/uploads\/sites\/9\/2024\/03\/IMG_8570-scaled-1.jpg","width":2110,"height":2560},{"@type":"BreadcrumbList","@id":"https:\/\/www.tryggtrafikk.no\/fylkeskontorer\/artikler\/trygg-trafikk-trondelag-nyheter\/barnehagekurs-i-steinkjer\/#breadcrumb","itemListElement":[{"@type":"ListItem","position":1,"name":"Home","item":"https:\/\/www.tryggtrafikk.no\/fylkeskontorer\/"},{"@type":"ListItem","position":2,"name":"Barnehagekurs i Steinkjer"}]},{"@type":"WebSite","@id":"https:\/\/www.tryggtrafikk.no\/fylkeskontorer\/#website","url":"https:\/\/www.tryggtrafikk.no\/fylkeskontorer\/","name":"Trygg Trafikk - Fylkeskontorer","description":"","potentialAction":[{"@type":"SearchAction","target":{"@type":"EntryPoint","urlTemplate":"https:\/\/www.tryggtrafikk.no\/fylkeskontorer\/?s={search_term_string}"},"query-input":{"@type":"PropertyValueSpecification","valueRequired":true,"valueName":"search_term_string"}}],"inLanguage":"nb-NO"},{"@type":"Person","@id":"https:\/\/www.tryggtrafikk.no\/fylkeskontorer\/#\/schema\/person\/3e4af7bc5f0ac83dbbc753e48ee5ced3","name":"Siw Didriksen","image":{"@type":"ImageObject","inLanguage":"nb-NO","@id":"https:\/\/www.tryggtrafikk.no\/fylkeskontorer\/#\/schema\/person\/image\/","url":"https:\/\/secure.gravatar.com\/avatar\/808351711a84fc73e26edcc23d5f03e8?s=96&d=mm&r=g","contentUrl":"https:\/\/secure.gravatar.com\/avatar\/808351711a84fc73e26edcc23d5f03e8?s=96&d=mm&r=g","caption":"Siw Didriksen"},"url":"https:\/\/www.tryggtrafikk.no\/fylkeskontorer\/author\/siwpaulsen\/"}]}},"_links":{"self":[{"href":"https:\/\/www.tryggtrafikk.no\/fylkeskontorer\/wp-json\/wp\/v2\/posts\/397","targetHints":{"allow":["GET"]}}],"collection":[{"href":"https:\/\/www.tryggtrafikk.no\/fylkeskontorer\/wp-json\/wp\/v2\/posts"}],"about":[{"href":"https:\/\/www.tryggtrafikk.no\/fylkeskontorer\/wp-json\/wp\/v2\/types\/post"}],"author":[{"embeddable":true,"href":"https:\/\/www.tryggtrafikk.no\/fylkeskontorer\/wp-json\/wp\/v2\/users\/6"}],"replies":[{"embeddable":true,"href":"https:\/\/www.tryggtrafikk.no\/fylkeskontorer\/wp-json\/wp\/v2\/comments?post=397"}],"version-history":[{"count":1,"href":"https:\/\/www.tryggtrafikk.no\/fylkeskontorer\/wp-json\/wp\/v2\/posts\/397\/revisions"}],"predecessor-version":[{"id":399,"href":"https:\/\/www.tryggtrafikk.no\/fylkeskontorer\/wp-json\/wp\/v2\/posts\/397\/revisions\/399"}],"wp:featuredmedia":[{"embeddable":true,"href":"https:\/\/www.tryggtrafikk.no\/fylkeskontorer\/wp-json\/wp\/v2\/media\/398"}],"wp:attachment":[{"href":"https:\/\/www.tryggtrafikk.no\/fylkeskontorer\/wp-json\/wp\/v2\/media?parent=397"}],"wp:term":[{"taxonomy":"category","embeddable":true,"href":"https:\/\/www.tryggtrafikk.no\/fylkeskontorer\/wp-json\/wp\/v2\/categories?post=397"},{"taxonomy":"fylke","embeddable":true,"href":"https:\/\/www.tryggtrafikk.no\/fylkeskontorer\/wp-json\/wp\/v2\/fylke?post=397"},{"taxonomy":"cs_tag","embeddable":true,"href":"https:\/\/www.tryggtrafikk.no\/fylkeskontorer\/wp-json\/wp\/v2\/cs_tag?post=397"}],"curies":[{"name":"wp","href":"https:\/\/api.w.org\/{rel}","templated":true}]}}