{"id":471,"date":"2024-05-08T11:33:18","date_gmt":"2024-05-08T11:33:18","guid":{"rendered":"https:\/\/www.tryggtrafikk.no\/ung\/?p=471"},"modified":"2024-05-08T11:49:12","modified_gmt":"2024-05-08T11:49:12","slug":"felles-dugnad-mot-motorsykkelulykker","status":"publish","type":"post","link":"https:\/\/www.tryggtrafikk.no\/ung\/artikler\/aktuelt\/felles-dugnad-mot-motorsykkelulykker\/","title":{"rendered":"Felles dugnad mot motorsykkelulykker"},"content":{"rendered":"<div class=\"site-breadcrumbs has-text-align-left\"><span><span><a href=\"https:\/\/www.tryggtrafikk.no\/ung\/\">Home<\/a><\/span><\/span><\/div><h1 class=\"has-text-align-left alignwide wp-block-post-title\">Felles dugnad mot motorsykkelulykker<\/h1>\n\n<figure class=\"alignwide wp-block-post-featured-image\"><img loading=\"lazy\" width=\"2560\" height=\"1707\" src=\"https:\/\/www.tryggtrafikk.no\/content\/uploads\/sites\/6\/2024\/05\/carnaby-gilany-u1EjAmywwI0-unsplash-scaled-1.jpeg\" class=\"attachment-post-thumbnail size-post-thumbnail wp-post-image\" alt=\"\" style=\"object-fit:cover;\" srcset=\"https:\/\/www.tryggtrafikk.no\/content\/uploads\/sites\/6\/2024\/05\/carnaby-gilany-u1EjAmywwI0-unsplash-scaled-1.jpeg 2560w, https:\/\/www.tryggtrafikk.no\/content\/uploads\/sites\/6\/2024\/05\/carnaby-gilany-u1EjAmywwI0-unsplash-scaled-1-300x200.jpeg 300w, https:\/\/www.tryggtrafikk.no\/content\/uploads\/sites\/6\/2024\/05\/carnaby-gilany-u1EjAmywwI0-unsplash-scaled-1-1024x683.jpeg 1024w, https:\/\/www.tryggtrafikk.no\/content\/uploads\/sites\/6\/2024\/05\/carnaby-gilany-u1EjAmywwI0-unsplash-scaled-1-768x512.jpeg 768w, https:\/\/www.tryggtrafikk.no\/content\/uploads\/sites\/6\/2024\/05\/carnaby-gilany-u1EjAmywwI0-unsplash-scaled-1-1536x1024.jpeg 1536w, https:\/\/www.tryggtrafikk.no\/content\/uploads\/sites\/6\/2024\/05\/carnaby-gilany-u1EjAmywwI0-unsplash-scaled-1-2048x1366.jpeg 2048w\" sizes=\"auto, (max-width: 2560px) 100vw, 2560px\" \/><\/figure>\n\n\n<p><strong>Den 8. mai samles Statens vegvesen, NAF, NMCU, Trygg Trafikk og en rekke andre akt\u00f8rer p\u00e5 <a href=\"https:\/\/www.bike.no\/nyheter\/fullt-kjor-pa-tyrigrava-8-mai\/\" target=\"_blank\" rel=\"noreferrer noopener\">Tyrigrava under paraplyen MC-dugnaden<\/a>. Samlingen er for \u00e5 markere en felles innsats mot alvorlige MC-ulykker i trafikken.<\/strong><\/p>\n\n\n\n<p>I fjor omkom 20 motorsyklister. Dette utgj\u00f8r en stor andel av d\u00f8dsulykkene sett i forhold til antall motorsyklister p\u00e5 veinettet. \u00a0<\/p>\n\n\n\n<p>\u2013&nbsp;Dette er langt fra akseptabelt. Derfor er det s\u00e5 viktig med slike markeringer. Et godt samarbeid mellom myndigheter og \u00f8vrige akt\u00f8rer er en forutsetning for \u00e5 kunne lykkes. Vi m\u00e5 gj\u00f8re mer av det vi vet virker, i tillegg til nye effektive tiltak. Ellers kan dette utvikle seg i feil retning, sier B\u00e5rd Morten Johansen, fagsjef Trygg Trafikk.&nbsp;<\/p>\n\n\n\n<h2 class=\"wp-block-heading\" id=\"h-ulykken-kan-skje-den-beste-forer\"><strong>Ulykken kan skje den beste f\u00f8rer<\/strong>&nbsp;<\/h2>\n\n\n\n<p>Motorsykkelsesongen har startet, og mange f\u00f8rere har ventet lenge p\u00e5 \u00e5 f\u00e5 komme seg opp i sadelen. N\u00e5r motorsyklister omkommer, skyldes to av tre d\u00f8dsfall feil fra MC-f\u00f8reren.&nbsp;<\/p>\n\n\n\n<p>\u2013&nbsp;De aller fleste motorsyklister er voksne, fornuftige og kompetente mennesker som tar b\u00e5de kj\u00f8ret\u00f8y og kj\u00f8ring p\u00e5 st\u00f8rste alvor. Samtidig f\u00e5r ikke motorsyklisten like mye hjelp av nyere sikkerhetstiltak i kj\u00f8ret\u00f8y og infrastruktur som bilf\u00f8rere. Det hviler et stort ansvar p\u00e5 den enkelte som f\u00f8rer motorsykkelen. Grensen mellom suksess og fiasko er h\u00e5rfin sammenliknet med om du sitter beskyttet i en bil, sier Johansen.&nbsp;<\/p>\n\n\n\n<h2 class=\"wp-block-heading\" id=\"satser-pa-forskning-og-informasjonskampanjer\"><strong>Satser p\u00e5 forskning og informasjonskampanjer<\/strong>&nbsp;<\/h2>\n\n\n\n<p>Informasjonskampanjer, tiltak rettet mot f\u00f8rerutvikling og videref\u00f8ring av forskningsprosjektet som registrerer hvordan motorsyklister fordeler oppmerksomheten, er hovedpunktene for \u00e5 f\u00e5 bukt med MC-ulykker i Nasjonal transportplan.\u202f&nbsp;<\/p>\n\n\n\n<p>\u2013 B\u00e5de forskning som gir oss mer innsikt om ulykkene og kunnskapsbaserte tiltak, er helt avgj\u00f8rende for \u00e5 redde liv. I tillegg m\u00e5 de gode tiltakene og den viktige informasjonen n\u00e5 ut til alle motorsyklister. De som jobber med oppl\u00e6ring, kampanjer, bygging, drift og vedlikehold, bidrar mye for \u00e5 forebygge ulykkene. Like fullt m\u00e5 motorsyklister akseptere at mye av ansvaret ligger hos dem, avslutter Johansen.&nbsp;<\/p>\n\n\n\n<div class=\"wp-block-group has-group-neutral-100-background-color has-background has-global-padding is-layout-constrained wp-block-group-is-layout-constrained\"><ul class=\"t2-link-list has-1-items has-1-columns align wp-block-t2-link-list\">\n\t<li class=\"t2-link-list-item wp-block-t2-link-list-item\">\n\t\t<a\n\t\t\thref=\"https:\/\/www.tryggtrafikk.no\/fakta-og-rad\/mc\/\"\n\t\t\tclass=\"t2-link-list-item__link t2-link-list__icon--left\"\n\t\t\t\t\t>\n\t\t\t<span class=\"t2-link-list-item__icon\"><span class=\"t2-link-list-item__icon-box\"><\/span><svg xmlns=\"http:\/\/www.w3.org\/2000\/svg\" viewBox=\"0 0 24 24\" height=\"40\" width=\"40\" class=\"t2-icon t2-icon-arrowforward\" aria-hidden=\"true\" focusable=\"false\"><path d=\"M12 19.617188 10.929688 18.5625l5.8125-5.8125H4.382812v-1.5h12.359376l-5.8125-5.8125L12 4.382812 19.617188 12Zm0 0\" fill=\"currentColor\" \/><\/svg><\/span>\t\t\t<div class=\"t2-link-list-item__content\">\n\n\t\t\t\t\n\t\t\t\t<span id=\"link-list-item-text\" class=\"t2-link-list-item__text\">\n\t\t\t\t\tLes v\u00e5re tips og r\u00e5d om MC\t\t\t\t<\/span>\n\t\t\t\t\t\t\t<\/div>\n\t\t<\/a>\n\t<\/li>\n\t\n<\/ul><\/div>\n\n\n\n<figure class=\"wp-block-gallery has-nested-images columns-default is-cropped wp-block-gallery-1 is-layout-flex wp-block-gallery-is-layout-flex\">\n<figure data-wp-context=\"{&quot;imageId&quot;:&quot;69f3e5400407a&quot;}\" data-wp-interactive=\"core\/image\" class=\"wp-block-image size-full wp-lightbox-container\"><img loading=\"lazy\" width=\"1024\" height=\"1024\" data-wp-class--hide=\"state.isContentHidden\" data-wp-class--show=\"state.isContentVisible\" data-wp-init=\"callbacks.setButtonStyles\" data-wp-on-async--click=\"actions.showLightbox\" data-wp-on-async--load=\"callbacks.setButtonStyles\" data-wp-on-async-window--resize=\"callbacks.setButtonStyles\" data-id=\"478\" src=\"https:\/\/www.tryggtrafikk.no\/content\/uploads\/sites\/6\/2024\/05\/TT-MC-dugnad-BrukBlikketSmart-SoMe-27208931-1024x1024-1.png\" alt=\"\" class=\"wp-image-478\" srcset=\"https:\/\/www.tryggtrafikk.no\/content\/uploads\/sites\/6\/2024\/05\/TT-MC-dugnad-BrukBlikketSmart-SoMe-27208931-1024x1024-1.png 1024w, https:\/\/www.tryggtrafikk.no\/content\/uploads\/sites\/6\/2024\/05\/TT-MC-dugnad-BrukBlikketSmart-SoMe-27208931-1024x1024-1-300x300.png 300w, https:\/\/www.tryggtrafikk.no\/content\/uploads\/sites\/6\/2024\/05\/TT-MC-dugnad-BrukBlikketSmart-SoMe-27208931-1024x1024-1-150x150.png 150w, https:\/\/www.tryggtrafikk.no\/content\/uploads\/sites\/6\/2024\/05\/TT-MC-dugnad-BrukBlikketSmart-SoMe-27208931-1024x1024-1-768x768.png 768w\" sizes=\"auto, (max-width: 1024px) 100vw, 1024px\" \/><button\n\t\t\tclass=\"lightbox-trigger\"\n\t\t\ttype=\"button\"\n\t\t\taria-haspopup=\"dialog\"\n\t\t\taria-label=\"Forst\u00f8rr bilde\"\n\t\t\tdata-wp-init=\"callbacks.initTriggerButton\"\n\t\t\tdata-wp-on-async--click=\"actions.showLightbox\"\n\t\t\tdata-wp-style--right=\"state.imageButtonRight\"\n\t\t\tdata-wp-style--top=\"state.imageButtonTop\"\n\t\t>\n\t\t\t<svg xmlns=\"http:\/\/www.w3.org\/2000\/svg\" width=\"12\" height=\"12\" fill=\"none\" viewBox=\"0 0 12 12\">\n\t\t\t\t<path fill=\"#fff\" d=\"M2 0a2 2 0 0 0-2 2v2h1.5V2a.5.5 0 0 1 .5-.5h2V0H2Zm2 10.5H2a.5.5 0 0 1-.5-.5V8H0v2a2 2 0 0 0 2 2h2v-1.5ZM8 12v-1.5h2a.5.5 0 0 0 .5-.5V8H12v2a2 2 0 0 1-2 2H8Zm2-12a2 2 0 0 1 2 2v2h-1.5V2a.5.5 0 0 0-.5-.5H8V0h2Z\" \/>\n\t\t\t<\/svg>\n\t\t<\/button><\/figure>\n\n\n\n<figure data-wp-context=\"{&quot;imageId&quot;:&quot;69f3e540042ee&quot;}\" data-wp-interactive=\"core\/image\" class=\"wp-block-image size-large wp-lightbox-container\"><img loading=\"lazy\" width=\"1024\" height=\"1024\" data-wp-class--hide=\"state.isContentHidden\" data-wp-class--show=\"state.isContentVisible\" data-wp-init=\"callbacks.setButtonStyles\" data-wp-on-async--click=\"actions.showLightbox\" data-wp-on-async--load=\"callbacks.setButtonStyles\" data-wp-on-async-window--resize=\"callbacks.setButtonStyles\" data-id=\"475\" src=\"https:\/\/www.tryggtrafikk.no\/content\/uploads\/sites\/6\/2024\/05\/TT-MC-dugnad-PlasserDegKlokt-SoMe-27208952-1024x1024-2.png\" alt=\"\" class=\"wp-image-475\" srcset=\"https:\/\/www.tryggtrafikk.no\/content\/uploads\/sites\/6\/2024\/05\/TT-MC-dugnad-PlasserDegKlokt-SoMe-27208952-1024x1024-2.png 1024w, https:\/\/www.tryggtrafikk.no\/content\/uploads\/sites\/6\/2024\/05\/TT-MC-dugnad-PlasserDegKlokt-SoMe-27208952-1024x1024-2-300x300.png 300w, https:\/\/www.tryggtrafikk.no\/content\/uploads\/sites\/6\/2024\/05\/TT-MC-dugnad-PlasserDegKlokt-SoMe-27208952-1024x1024-2-150x150.png 150w, https:\/\/www.tryggtrafikk.no\/content\/uploads\/sites\/6\/2024\/05\/TT-MC-dugnad-PlasserDegKlokt-SoMe-27208952-1024x1024-2-768x768.png 768w\" sizes=\"auto, (max-width: 1024px) 100vw, 1024px\" \/><button\n\t\t\tclass=\"lightbox-trigger\"\n\t\t\ttype=\"button\"\n\t\t\taria-haspopup=\"dialog\"\n\t\t\taria-label=\"Forst\u00f8rr bilde\"\n\t\t\tdata-wp-init=\"callbacks.initTriggerButton\"\n\t\t\tdata-wp-on-async--click=\"actions.showLightbox\"\n\t\t\tdata-wp-style--right=\"state.imageButtonRight\"\n\t\t\tdata-wp-style--top=\"state.imageButtonTop\"\n\t\t>\n\t\t\t<svg xmlns=\"http:\/\/www.w3.org\/2000\/svg\" width=\"12\" height=\"12\" fill=\"none\" viewBox=\"0 0 12 12\">\n\t\t\t\t<path fill=\"#fff\" d=\"M2 0a2 2 0 0 0-2 2v2h1.5V2a.5.5 0 0 1 .5-.5h2V0H2Zm2 10.5H2a.5.5 0 0 1-.5-.5V8H0v2a2 2 0 0 0 2 2h2v-1.5ZM8 12v-1.5h2a.5.5 0 0 0 .5-.5V8H12v2a2 2 0 0 1-2 2H8Zm2-12a2 2 0 0 1 2 2v2h-1.5V2a.5.5 0 0 0-.5-.5H8V0h2Z\" \/>\n\t\t\t<\/svg>\n\t\t<\/button><\/figure>\n<\/figure>\n\n\n\n<figure class=\"wp-block-gallery has-nested-images columns-default is-cropped wp-block-gallery-2 is-layout-flex wp-block-gallery-is-layout-flex\">\n<figure data-wp-context=\"{&quot;imageId&quot;:&quot;69f3e540045af&quot;}\" data-wp-interactive=\"core\/image\" class=\"wp-block-image size-large wp-lightbox-container\"><img loading=\"lazy\" width=\"1024\" height=\"1024\" data-wp-class--hide=\"state.isContentHidden\" data-wp-class--show=\"state.isContentVisible\" data-wp-init=\"callbacks.setButtonStyles\" data-wp-on-async--click=\"actions.showLightbox\" data-wp-on-async--load=\"callbacks.setButtonStyles\" data-wp-on-async-window--resize=\"callbacks.setButtonStyles\" data-id=\"476\" src=\"https:\/\/www.tryggtrafikk.no\/content\/uploads\/sites\/6\/2024\/05\/TT-MC-dugnad-TilpassFarten-SoMe-27208939-1024x1024-2.png\" alt=\"\" class=\"wp-image-476\" srcset=\"https:\/\/www.tryggtrafikk.no\/content\/uploads\/sites\/6\/2024\/05\/TT-MC-dugnad-TilpassFarten-SoMe-27208939-1024x1024-2.png 1024w, https:\/\/www.tryggtrafikk.no\/content\/uploads\/sites\/6\/2024\/05\/TT-MC-dugnad-TilpassFarten-SoMe-27208939-1024x1024-2-300x300.png 300w, https:\/\/www.tryggtrafikk.no\/content\/uploads\/sites\/6\/2024\/05\/TT-MC-dugnad-TilpassFarten-SoMe-27208939-1024x1024-2-150x150.png 150w, https:\/\/www.tryggtrafikk.no\/content\/uploads\/sites\/6\/2024\/05\/TT-MC-dugnad-TilpassFarten-SoMe-27208939-1024x1024-2-768x768.png 768w\" sizes=\"auto, (max-width: 1024px) 100vw, 1024px\" \/><button\n\t\t\tclass=\"lightbox-trigger\"\n\t\t\ttype=\"button\"\n\t\t\taria-haspopup=\"dialog\"\n\t\t\taria-label=\"Forst\u00f8rr bilde\"\n\t\t\tdata-wp-init=\"callbacks.initTriggerButton\"\n\t\t\tdata-wp-on-async--click=\"actions.showLightbox\"\n\t\t\tdata-wp-style--right=\"state.imageButtonRight\"\n\t\t\tdata-wp-style--top=\"state.imageButtonTop\"\n\t\t>\n\t\t\t<svg xmlns=\"http:\/\/www.w3.org\/2000\/svg\" width=\"12\" height=\"12\" fill=\"none\" viewBox=\"0 0 12 12\">\n\t\t\t\t<path fill=\"#fff\" d=\"M2 0a2 2 0 0 0-2 2v2h1.5V2a.5.5 0 0 1 .5-.5h2V0H2Zm2 10.5H2a.5.5 0 0 1-.5-.5V8H0v2a2 2 0 0 0 2 2h2v-1.5ZM8 12v-1.5h2a.5.5 0 0 0 .5-.5V8H12v2a2 2 0 0 1-2 2H8Zm2-12a2 2 0 0 1 2 2v2h-1.5V2a.5.5 0 0 0-.5-.5H8V0h2Z\" \/>\n\t\t\t<\/svg>\n\t\t<\/button><\/figure>\n\n\n\n<figure data-wp-context=\"{&quot;imageId&quot;:&quot;69f3e540047af&quot;}\" data-wp-interactive=\"core\/image\" class=\"wp-block-image size-full wp-lightbox-container\"><img loading=\"lazy\" width=\"1024\" height=\"1024\" data-wp-class--hide=\"state.isContentHidden\" data-wp-class--show=\"state.isContentVisible\" data-wp-init=\"callbacks.setButtonStyles\" data-wp-on-async--click=\"actions.showLightbox\" data-wp-on-async--load=\"callbacks.setButtonStyles\" data-wp-on-async-window--resize=\"callbacks.setButtonStyles\" data-id=\"477\" src=\"https:\/\/www.tryggtrafikk.no\/content\/uploads\/sites\/6\/2024\/05\/TT-MC-dugnad-1-SoMe-logoer-27208917-1024x1024-1.png\" alt=\"\" class=\"wp-image-477\" srcset=\"https:\/\/www.tryggtrafikk.no\/content\/uploads\/sites\/6\/2024\/05\/TT-MC-dugnad-1-SoMe-logoer-27208917-1024x1024-1.png 1024w, https:\/\/www.tryggtrafikk.no\/content\/uploads\/sites\/6\/2024\/05\/TT-MC-dugnad-1-SoMe-logoer-27208917-1024x1024-1-300x300.png 300w, https:\/\/www.tryggtrafikk.no\/content\/uploads\/sites\/6\/2024\/05\/TT-MC-dugnad-1-SoMe-logoer-27208917-1024x1024-1-150x150.png 150w, https:\/\/www.tryggtrafikk.no\/content\/uploads\/sites\/6\/2024\/05\/TT-MC-dugnad-1-SoMe-logoer-27208917-1024x1024-1-768x768.png 768w\" sizes=\"auto, (max-width: 1024px) 100vw, 1024px\" \/><button\n\t\t\tclass=\"lightbox-trigger\"\n\t\t\ttype=\"button\"\n\t\t\taria-haspopup=\"dialog\"\n\t\t\taria-label=\"Forst\u00f8rr bilde\"\n\t\t\tdata-wp-init=\"callbacks.initTriggerButton\"\n\t\t\tdata-wp-on-async--click=\"actions.showLightbox\"\n\t\t\tdata-wp-style--right=\"state.imageButtonRight\"\n\t\t\tdata-wp-style--top=\"state.imageButtonTop\"\n\t\t>\n\t\t\t<svg xmlns=\"http:\/\/www.w3.org\/2000\/svg\" width=\"12\" height=\"12\" fill=\"none\" viewBox=\"0 0 12 12\">\n\t\t\t\t<path fill=\"#fff\" d=\"M2 0a2 2 0 0 0-2 2v2h1.5V2a.5.5 0 0 1 .5-.5h2V0H2Zm2 10.5H2a.5.5 0 0 1-.5-.5V8H0v2a2 2 0 0 0 2 2h2v-1.5ZM8 12v-1.5h2a.5.5 0 0 0 .5-.5V8H12v2a2 2 0 0 1-2 2H8Zm2-12a2 2 0 0 1 2 2v2h-1.5V2a.5.5 0 0 0-.5-.5H8V0h2Z\" \/>\n\t\t\t<\/svg>\n\t\t<\/button><\/figure>\n<\/figure>\n\n\n\n<p><em>Felles budskap i sosiale medier fra Nord universitet, NAF MC, NMCU, MCF, Trafikkforum, KNA, Statens vegvesen, NMCF, Norges trafikkskoleforbund, Utrykningspolitet og Trygg Trafikk. <\/em><\/p>\n","protected":false},"excerpt":{"rendered":"<p>Den 8. mai samles Statens vegvesen, NAF, NMCU, Trygg Trafikk og en rekke andre akt\u00f8rer p\u00e5 Tyrigrava under paraplyen MC-dugnaden. Samlingen er for \u00e5 markere en felles innsats mot alvorlige MC-ulykker i trafikken. I fjor omkom 20 motorsyklister. Dette utgj\u00f8r en stor andel av d\u00f8dsulykkene sett i forhold til antall motorsyklister p\u00e5 veinettet. \u00a0 \u2013&nbsp;Dette [&hellip;]<\/p>\n","protected":false},"author":57,"featured_media":472,"comment_status":"open","ping_status":"open","sticky":false,"template":"","format":"standard","meta":{"show_toc":false,"tryggtrafikk_poll_votes":[],"hide_header_title":false,"alt_breadcrumbs_title":"","footnotes":"","boosted":0},"categories":[7],"fylke":[],"cs_tag":[],"class_list":["post-471","post","type-post","status-publish","format-standard","has-post-thumbnail","hentry","category-aktuelt"],"yoast_head":"<!-- This site is optimized with the Yoast SEO Premium plugin v26.1 (Yoast SEO v26.1.1) - https:\/\/yoast.com\/wordpress\/plugins\/seo\/ -->\n<title>Felles dugnad mot motorsykkelulykker - UNG<\/title>\n<meta name=\"robots\" content=\"index, follow, max-snippet:-1, max-image-preview:large, max-video-preview:-1\" \/>\n<link rel=\"canonical\" href=\"https:\/\/www.tryggtrafikk.no\/ung\/artikler\/aktuelt\/felles-dugnad-mot-motorsykkelulykker\/\" \/>\n<meta property=\"og:locale\" content=\"nb_NO\" \/>\n<meta property=\"og:type\" content=\"article\" \/>\n<meta property=\"og:title\" content=\"Felles dugnad mot motorsykkelulykker\" \/>\n<meta property=\"og:description\" content=\"Den 8. mai samles Statens vegvesen, NAF, NMCU, Trygg Trafikk og en rekke andre akt\u00f8rer p\u00e5 Tyrigrava under paraplyen MC-dugnaden. Samlingen er for \u00e5 markere en felles innsats mot alvorlige MC-ulykker i trafikken. I fjor omkom 20 motorsyklister. Dette utgj\u00f8r en stor andel av d\u00f8dsulykkene sett i forhold til antall motorsyklister p\u00e5 veinettet. \u00a0 \u2013&nbsp;Dette [&hellip;]\" \/>\n<meta property=\"og:url\" content=\"https:\/\/www.tryggtrafikk.no\/ung\/artikler\/aktuelt\/felles-dugnad-mot-motorsykkelulykker\/\" \/>\n<meta property=\"og:site_name\" content=\"UNG\" \/>\n<meta property=\"article:published_time\" content=\"2024-05-08T11:33:18+00:00\" \/>\n<meta property=\"article:modified_time\" content=\"2024-05-08T11:49:12+00:00\" \/>\n<meta property=\"og:image\" content=\"https:\/\/www.tryggtrafikk.no\/content\/uploads\/sites\/6\/2024\/05\/carnaby-gilany-u1EjAmywwI0-unsplash-scaled-1.jpeg\" \/>\n\t<meta property=\"og:image:width\" content=\"2560\" \/>\n\t<meta property=\"og:image:height\" content=\"1707\" \/>\n\t<meta property=\"og:image:type\" content=\"image\/jpeg\" \/>\n<meta name=\"author\" content=\"Amad Nasir\" \/>\n<meta name=\"twitter:card\" content=\"summary_large_image\" \/>\n<meta name=\"twitter:label1\" content=\"Skrevet av\" \/>\n\t<meta name=\"twitter:data1\" content=\"Amad Nasir\" \/>\n\t<meta name=\"twitter:label2\" content=\"Ansl. lesetid\" \/>\n\t<meta name=\"twitter:data2\" content=\"3 minutter\" \/>\n<script type=\"application\/ld+json\" class=\"yoast-schema-graph\">{\"@context\":\"https:\/\/schema.org\",\"@graph\":[{\"@type\":\"WebPage\",\"@id\":\"https:\/\/www.tryggtrafikk.no\/ung\/artikler\/aktuelt\/felles-dugnad-mot-motorsykkelulykker\/\",\"url\":\"https:\/\/www.tryggtrafikk.no\/ung\/artikler\/aktuelt\/felles-dugnad-mot-motorsykkelulykker\/\",\"name\":\"Felles dugnad mot motorsykkelulykker - UNG\",\"isPartOf\":{\"@id\":\"https:\/\/www.tryggtrafikk.no\/ung\/#website\"},\"primaryImageOfPage\":{\"@id\":\"https:\/\/www.tryggtrafikk.no\/ung\/artikler\/aktuelt\/felles-dugnad-mot-motorsykkelulykker\/#primaryimage\"},\"image\":{\"@id\":\"https:\/\/www.tryggtrafikk.no\/ung\/artikler\/aktuelt\/felles-dugnad-mot-motorsykkelulykker\/#primaryimage\"},\"thumbnailUrl\":\"https:\/\/www.tryggtrafikk.no\/content\/uploads\/sites\/6\/2024\/05\/carnaby-gilany-u1EjAmywwI0-unsplash-scaled-1.jpeg\",\"datePublished\":\"2024-05-08T11:33:18+00:00\",\"dateModified\":\"2024-05-08T11:49:12+00:00\",\"author\":{\"@id\":\"https:\/\/www.tryggtrafikk.no\/ung\/#\/schema\/person\/52bb1e4cab759948b7811ac2fef5c6e6\"},\"breadcrumb\":{\"@id\":\"https:\/\/www.tryggtrafikk.no\/ung\/artikler\/aktuelt\/felles-dugnad-mot-motorsykkelulykker\/#breadcrumb\"},\"inLanguage\":\"nb-NO\",\"potentialAction\":[{\"@type\":\"ReadAction\",\"target\":[\"https:\/\/www.tryggtrafikk.no\/ung\/artikler\/aktuelt\/felles-dugnad-mot-motorsykkelulykker\/\"]}]},{\"@type\":\"ImageObject\",\"inLanguage\":\"nb-NO\",\"@id\":\"https:\/\/www.tryggtrafikk.no\/ung\/artikler\/aktuelt\/felles-dugnad-mot-motorsykkelulykker\/#primaryimage\",\"url\":\"https:\/\/www.tryggtrafikk.no\/content\/uploads\/sites\/6\/2024\/05\/carnaby-gilany-u1EjAmywwI0-unsplash-scaled-1.jpeg\",\"contentUrl\":\"https:\/\/www.tryggtrafikk.no\/content\/uploads\/sites\/6\/2024\/05\/carnaby-gilany-u1EjAmywwI0-unsplash-scaled-1.jpeg\",\"width\":2560,\"height\":1707},{\"@type\":\"BreadcrumbList\",\"@id\":\"https:\/\/www.tryggtrafikk.no\/ung\/artikler\/aktuelt\/felles-dugnad-mot-motorsykkelulykker\/#breadcrumb\",\"itemListElement\":[{\"@type\":\"ListItem\",\"position\":1,\"name\":\"Home\",\"item\":\"https:\/\/www.tryggtrafikk.no\/ung\/\"},{\"@type\":\"ListItem\",\"position\":2,\"name\":\"Felles dugnad mot motorsykkelulykker\"}]},{\"@type\":\"WebSite\",\"@id\":\"https:\/\/www.tryggtrafikk.no\/ung\/#website\",\"url\":\"https:\/\/www.tryggtrafikk.no\/ung\/\",\"name\":\"UNG\",\"description\":\"\",\"potentialAction\":[{\"@type\":\"SearchAction\",\"target\":{\"@type\":\"EntryPoint\",\"urlTemplate\":\"https:\/\/www.tryggtrafikk.no\/ung\/?s={search_term_string}\"},\"query-input\":{\"@type\":\"PropertyValueSpecification\",\"valueRequired\":true,\"valueName\":\"search_term_string\"}}],\"inLanguage\":\"nb-NO\"},{\"@type\":\"Person\",\"@id\":\"https:\/\/www.tryggtrafikk.no\/ung\/#\/schema\/person\/52bb1e4cab759948b7811ac2fef5c6e6\",\"name\":\"Amad Nasir\",\"image\":{\"@type\":\"ImageObject\",\"inLanguage\":\"nb-NO\",\"@id\":\"https:\/\/www.tryggtrafikk.no\/ung\/#\/schema\/person\/image\/\",\"url\":\"https:\/\/secure.gravatar.com\/avatar\/e28b53cd6e391d5c13694e755fa15111?s=96&d=mm&r=g\",\"contentUrl\":\"https:\/\/secure.gravatar.com\/avatar\/e28b53cd6e391d5c13694e755fa15111?s=96&d=mm&r=g\",\"caption\":\"Amad Nasir\"},\"sameAs\":[\"http:\/\/Tryggtrafikk.no\"],\"url\":\"https:\/\/www.tryggtrafikk.no\/ung\/author\/nasirtryggtrafikk-no\/\"}]}<\/script>\n<!-- \/ Yoast SEO Premium plugin. -->","yoast_head_json":{"title":"Felles dugnad mot motorsykkelulykker - UNG","robots":{"index":"index","follow":"follow","max-snippet":"max-snippet:-1","max-image-preview":"max-image-preview:large","max-video-preview":"max-video-preview:-1"},"canonical":"https:\/\/www.tryggtrafikk.no\/ung\/artikler\/aktuelt\/felles-dugnad-mot-motorsykkelulykker\/","og_locale":"nb_NO","og_type":"article","og_title":"Felles dugnad mot motorsykkelulykker","og_description":"Den 8. mai samles Statens vegvesen, NAF, NMCU, Trygg Trafikk og en rekke andre akt\u00f8rer p\u00e5 Tyrigrava under paraplyen MC-dugnaden. Samlingen er for \u00e5 markere en felles innsats mot alvorlige MC-ulykker i trafikken. I fjor omkom 20 motorsyklister. Dette utgj\u00f8r en stor andel av d\u00f8dsulykkene sett i forhold til antall motorsyklister p\u00e5 veinettet. \u00a0 \u2013&nbsp;Dette [&hellip;]","og_url":"https:\/\/www.tryggtrafikk.no\/ung\/artikler\/aktuelt\/felles-dugnad-mot-motorsykkelulykker\/","og_site_name":"UNG","article_published_time":"2024-05-08T11:33:18+00:00","article_modified_time":"2024-05-08T11:49:12+00:00","og_image":[{"width":2560,"height":1707,"url":"https:\/\/www.tryggtrafikk.no\/content\/uploads\/sites\/6\/2024\/05\/carnaby-gilany-u1EjAmywwI0-unsplash-scaled-1.jpeg","type":"image\/jpeg"}],"author":"Amad Nasir","twitter_card":"summary_large_image","twitter_misc":{"Skrevet av":"Amad Nasir","Ansl. lesetid":"3 minutter"},"schema":{"@context":"https:\/\/schema.org","@graph":[{"@type":"WebPage","@id":"https:\/\/www.tryggtrafikk.no\/ung\/artikler\/aktuelt\/felles-dugnad-mot-motorsykkelulykker\/","url":"https:\/\/www.tryggtrafikk.no\/ung\/artikler\/aktuelt\/felles-dugnad-mot-motorsykkelulykker\/","name":"Felles dugnad mot motorsykkelulykker - UNG","isPartOf":{"@id":"https:\/\/www.tryggtrafikk.no\/ung\/#website"},"primaryImageOfPage":{"@id":"https:\/\/www.tryggtrafikk.no\/ung\/artikler\/aktuelt\/felles-dugnad-mot-motorsykkelulykker\/#primaryimage"},"image":{"@id":"https:\/\/www.tryggtrafikk.no\/ung\/artikler\/aktuelt\/felles-dugnad-mot-motorsykkelulykker\/#primaryimage"},"thumbnailUrl":"https:\/\/www.tryggtrafikk.no\/content\/uploads\/sites\/6\/2024\/05\/carnaby-gilany-u1EjAmywwI0-unsplash-scaled-1.jpeg","datePublished":"2024-05-08T11:33:18+00:00","dateModified":"2024-05-08T11:49:12+00:00","author":{"@id":"https:\/\/www.tryggtrafikk.no\/ung\/#\/schema\/person\/52bb1e4cab759948b7811ac2fef5c6e6"},"breadcrumb":{"@id":"https:\/\/www.tryggtrafikk.no\/ung\/artikler\/aktuelt\/felles-dugnad-mot-motorsykkelulykker\/#breadcrumb"},"inLanguage":"nb-NO","potentialAction":[{"@type":"ReadAction","target":["https:\/\/www.tryggtrafikk.no\/ung\/artikler\/aktuelt\/felles-dugnad-mot-motorsykkelulykker\/"]}]},{"@type":"ImageObject","inLanguage":"nb-NO","@id":"https:\/\/www.tryggtrafikk.no\/ung\/artikler\/aktuelt\/felles-dugnad-mot-motorsykkelulykker\/#primaryimage","url":"https:\/\/www.tryggtrafikk.no\/content\/uploads\/sites\/6\/2024\/05\/carnaby-gilany-u1EjAmywwI0-unsplash-scaled-1.jpeg","contentUrl":"https:\/\/www.tryggtrafikk.no\/content\/uploads\/sites\/6\/2024\/05\/carnaby-gilany-u1EjAmywwI0-unsplash-scaled-1.jpeg","width":2560,"height":1707},{"@type":"BreadcrumbList","@id":"https:\/\/www.tryggtrafikk.no\/ung\/artikler\/aktuelt\/felles-dugnad-mot-motorsykkelulykker\/#breadcrumb","itemListElement":[{"@type":"ListItem","position":1,"name":"Home","item":"https:\/\/www.tryggtrafikk.no\/ung\/"},{"@type":"ListItem","position":2,"name":"Felles dugnad mot motorsykkelulykker"}]},{"@type":"WebSite","@id":"https:\/\/www.tryggtrafikk.no\/ung\/#website","url":"https:\/\/www.tryggtrafikk.no\/ung\/","name":"UNG","description":"","potentialAction":[{"@type":"SearchAction","target":{"@type":"EntryPoint","urlTemplate":"https:\/\/www.tryggtrafikk.no\/ung\/?s={search_term_string}"},"query-input":{"@type":"PropertyValueSpecification","valueRequired":true,"valueName":"search_term_string"}}],"inLanguage":"nb-NO"},{"@type":"Person","@id":"https:\/\/www.tryggtrafikk.no\/ung\/#\/schema\/person\/52bb1e4cab759948b7811ac2fef5c6e6","name":"Amad Nasir","image":{"@type":"ImageObject","inLanguage":"nb-NO","@id":"https:\/\/www.tryggtrafikk.no\/ung\/#\/schema\/person\/image\/","url":"https:\/\/secure.gravatar.com\/avatar\/e28b53cd6e391d5c13694e755fa15111?s=96&d=mm&r=g","contentUrl":"https:\/\/secure.gravatar.com\/avatar\/e28b53cd6e391d5c13694e755fa15111?s=96&d=mm&r=g","caption":"Amad Nasir"},"sameAs":["http:\/\/Tryggtrafikk.no"],"url":"https:\/\/www.tryggtrafikk.no\/ung\/author\/nasirtryggtrafikk-no\/"}]}},"_links":{"self":[{"href":"https:\/\/www.tryggtrafikk.no\/ung\/wp-json\/wp\/v2\/posts\/471","targetHints":{"allow":["GET"]}}],"collection":[{"href":"https:\/\/www.tryggtrafikk.no\/ung\/wp-json\/wp\/v2\/posts"}],"about":[{"href":"https:\/\/www.tryggtrafikk.no\/ung\/wp-json\/wp\/v2\/types\/post"}],"author":[{"embeddable":true,"href":"https:\/\/www.tryggtrafikk.no\/ung\/wp-json\/wp\/v2\/users\/57"}],"replies":[{"embeddable":true,"href":"https:\/\/www.tryggtrafikk.no\/ung\/wp-json\/wp\/v2\/comments?post=471"}],"version-history":[{"count":3,"href":"https:\/\/www.tryggtrafikk.no\/ung\/wp-json\/wp\/v2\/posts\/471\/revisions"}],"predecessor-version":[{"id":483,"href":"https:\/\/www.tryggtrafikk.no\/ung\/wp-json\/wp\/v2\/posts\/471\/revisions\/483"}],"wp:featuredmedia":[{"embeddable":true,"href":"https:\/\/www.tryggtrafikk.no\/ung\/wp-json\/wp\/v2\/media\/472"}],"wp:attachment":[{"href":"https:\/\/www.tryggtrafikk.no\/ung\/wp-json\/wp\/v2\/media?parent=471"}],"wp:term":[{"taxonomy":"category","embeddable":true,"href":"https:\/\/www.tryggtrafikk.no\/ung\/wp-json\/wp\/v2\/categories?post=471"},{"taxonomy":"fylke","embeddable":true,"href":"https:\/\/www.tryggtrafikk.no\/ung\/wp-json\/wp\/v2\/fylke?post=471"},{"taxonomy":"cs_tag","embeddable":true,"href":"https:\/\/www.tryggtrafikk.no\/ung\/wp-json\/wp\/v2\/cs_tag?post=471"}],"curies":[{"name":"wp","href":"https:\/\/api.w.org\/{rel}","templated":true}]}}