{"id":632,"date":"2025-01-14T12:17:03","date_gmt":"2025-01-14T12:17:03","guid":{"rendered":"https:\/\/www.tryggtrafikk.no\/ung\/?p=632"},"modified":"2025-02-03T14:01:34","modified_gmt":"2025-02-03T14:01:34","slug":"los-varens-trafikkoppgaver-i-valgfag-trafikk","status":"publish","type":"post","link":"https:\/\/www.tryggtrafikk.no\/ung\/artikler\/aktuelt\/los-varens-trafikkoppgaver-i-valgfag-trafikk\/","title":{"rendered":"L\u00f8s v\u00e5rens trafikkoppgaver i valgfag trafikk"},"content":{"rendered":"\n\t\t<div class=\"alignfull wp-block-tryggtrafikk-hero\" id=\"wp-block-tryggtrafikk-hero\">\n\t\t\t<div class=\"tryggtrafikk-hero__container\">\n\t\t\t\t<div class=\"tryggtrafikk-hero__image\"><img loading=\"lazy\" width=\"768\" height=\"662\" src=\"https:\/\/www.tryggtrafikk.no\/content\/uploads\/sites\/6\/2025\/01\/Forebyggingsdag_Olav_Duun_vgs_TRY_01932_Foto_Barbro__Formo_Hanssen-768x662.jpg\" class=\"attachment-medium_large size-medium_large\" alt=\"\" style=\"--focalpoint: 50% 50%;\" srcset=\"https:\/\/www.tryggtrafikk.no\/content\/uploads\/sites\/6\/2025\/01\/Forebyggingsdag_Olav_Duun_vgs_TRY_01932_Foto_Barbro__Formo_Hanssen-768x662.jpg 768w, https:\/\/www.tryggtrafikk.no\/content\/uploads\/sites\/6\/2025\/01\/Forebyggingsdag_Olav_Duun_vgs_TRY_01932_Foto_Barbro__Formo_Hanssen-300x259.jpg 300w, https:\/\/www.tryggtrafikk.no\/content\/uploads\/sites\/6\/2025\/01\/Forebyggingsdag_Olav_Duun_vgs_TRY_01932_Foto_Barbro__Formo_Hanssen-1024x883.jpg 1024w, https:\/\/www.tryggtrafikk.no\/content\/uploads\/sites\/6\/2025\/01\/Forebyggingsdag_Olav_Duun_vgs_TRY_01932_Foto_Barbro__Formo_Hanssen-1536x1325.jpg 1536w, https:\/\/www.tryggtrafikk.no\/content\/uploads\/sites\/6\/2025\/01\/Forebyggingsdag_Olav_Duun_vgs_TRY_01932_Foto_Barbro__Formo_Hanssen-2048x1766.jpg 2048w\" sizes=\"auto, (max-width: 768px) 100vw, 768px\" \/><\/div>\n\t\t\t\t<div class=\"tryggtrafikk-hero__content-container\">\n\t\t\t\t\t<div class=\"site-breadcrumbs\"><span><span><a href=\"https:\/\/www.tryggtrafikk.no\/ung\/\">Home<\/a><\/span><\/span><\/div>\n\t\t\t\t\t<h1 class=\"tryggtrafikk-hero__title\">L\u00f8s v\u00e5rens trafikkoppgaver i valgfag trafikk<\/h1>\n\t\t\t\t\t<div class=\"tryggtrafikk-hero__content\">\n\t\t\t\t\t\t\n<div class=\"has-text-align-left wp-block-post-excerpt\"><p class=\"wp-block-post-excerpt__excerpt\">Trafikk-dilemmaer til bruk i undervisningen. Lag ditt eget trafikksikkerhetsarmb\u00e5nd. <\/p><\/div>\n\n\n<div class=\"wp-block-buttons is-layout-flex wp-block-buttons-is-layout-flex\"><\/div>\n\n\n\t\t\t\t\t<\/div>\n\t\t\t\t<\/div>\n\t\t\t<\/div>\n\t\t<\/div>\n\t\t\n\n\n<h2 class=\"wp-block-heading\" id=\"h-trafikk-dilemmaer-til-bruk-i-undervisningen\">Trafikk-dilemmaer til bruk i undervisningen<\/h2>\n\n\n<div class=\"t2-accordion alignwide wp-block-t2-accordion\" data-allow-multiple=\"1\" role=\"list\">\n<div class=\"t2-accordion-item wp-block-t2-accordion-item\" role=\"listitem\">\n\t\t\t<h2 class=\"t2-accordion-title\">\n\t\t\t\t<button type=\"button\" class=\"t2-accordion-trigger\" id=\"hva-er-et-dilemma?\" aria-controls=\"accordion-panel\" aria-expanded=\"false\">\n\t\t\t\t\tHva er et dilemma?\n\t\t\t\t\t<span class=\"t2-accordion-icon is-closed-icon\"><\/span>\n\t\t\t\t\t<span class=\"t2-accordion-icon is-open-icon\"><\/span>\n\t\t\t\t<\/button>\n\t\t\t<\/h2>\n\t\t\t<div class=\"t2-accordion-item__inner-container is-layout-flow\" id=\"accordion-panel\" aria-labelledby=\"hva-er-et-dilemma?\" role=\"region\" hidden>\n\t\t\t\t\n\n<p>Et dilemma er et sp\u00f8rsm\u00e5l som ikke har et enkelt svar, for en kan se argumenter for og imot et ja eller nei. Hva en bestemmer seg for, vil ofte v\u00e6re basert p\u00e5 et eller annet verdisett (religion, lovverk, etikk, skikk og bruk osv).<\/p>\n\n\n\n<figure class=\"wp-block-image aligncenter size-large\"><img loading=\"lazy\" width=\"1024\" height=\"684\" src=\"https:\/\/www.tryggtrafikk.no\/content\/uploads\/sites\/6\/2025\/01\/Gen_Z_TRY_03164_Foto_Simon_Maage-1024x684.jpg\" alt=\"\" class=\"wp-image-633\" srcset=\"https:\/\/www.tryggtrafikk.no\/content\/uploads\/sites\/6\/2025\/01\/Gen_Z_TRY_03164_Foto_Simon_Maage-1024x684.jpg 1024w, https:\/\/www.tryggtrafikk.no\/content\/uploads\/sites\/6\/2025\/01\/Gen_Z_TRY_03164_Foto_Simon_Maage-300x200.jpg 300w, https:\/\/www.tryggtrafikk.no\/content\/uploads\/sites\/6\/2025\/01\/Gen_Z_TRY_03164_Foto_Simon_Maage-768x513.jpg 768w, https:\/\/www.tryggtrafikk.no\/content\/uploads\/sites\/6\/2025\/01\/Gen_Z_TRY_03164_Foto_Simon_Maage-1536x1026.jpg 1536w, https:\/\/www.tryggtrafikk.no\/content\/uploads\/sites\/6\/2025\/01\/Gen_Z_TRY_03164_Foto_Simon_Maage-2048x1368.jpg 2048w\" sizes=\"auto, (max-width: 1024px) 100vw, 1024px\" \/><\/figure>\n\n\n\t\t\t<\/div>\n\t\t<\/div>\n\n<div class=\"t2-accordion-item wp-block-t2-accordion-item\" role=\"listitem\">\n\t\t\t<h2 class=\"t2-accordion-title\">\n\t\t\t\t<button type=\"button\" class=\"t2-accordion-trigger\" id=\"hvordan-kan-du-gjennomf\u00f8re\" aria-controls=\"accordion-panel-1\" aria-expanded=\"false\">\n\t\t\t\t\tHvordan kan du gjennomf\u00f8re\n\t\t\t\t\t<span class=\"t2-accordion-icon is-closed-icon\"><\/span>\n\t\t\t\t\t<span class=\"t2-accordion-icon is-open-icon\"><\/span>\n\t\t\t\t<\/button>\n\t\t\t<\/h2>\n\t\t\t<div class=\"t2-accordion-item__inner-container is-layout-flow\" id=\"accordion-panel-1\" aria-labelledby=\"hvordan-kan-du-gjennomf\u00f8re\" role=\"region\" hidden>\n\t\t\t\t\n\n<p>Forslag 1; del klassen i to, hvor ene halvdelen er for og andre delen er mot. Kj\u00f8r diskusjon. Elevene skriver logg p\u00e5 hvert dilemma etter diskusjonen.<\/p>\n\n\n\n<p>Forslag 2; bruke som verdivalgs\u00f8velser, for eksempel de elevene som er enige med et dilemma reiser seg, mens de som er uenige sitter. Man kan \u00e5pne for diskusjon i etterkant. <\/p>\n\n\n\t\t\t<\/div>\n\t\t<\/div>\n\n<div class=\"t2-accordion-item wp-block-t2-accordion-item\" role=\"listitem\">\n\t\t\t<h2 class=\"t2-accordion-title\">\n\t\t\t\t<button type=\"button\" class=\"t2-accordion-trigger\" id=\"her-finner-du-21-ulike-dilemmaer\" aria-controls=\"accordion-panel-2\" aria-expanded=\"false\">\n\t\t\t\t\tHer finner du 21 ulike dilemmaer\n\t\t\t\t\t<span class=\"t2-accordion-icon is-closed-icon\"><\/span>\n\t\t\t\t\t<span class=\"t2-accordion-icon is-open-icon\"><\/span>\n\t\t\t\t<\/button>\n\t\t\t<\/h2>\n\t\t\t<div class=\"t2-accordion-item__inner-container is-layout-flow\" id=\"accordion-panel-2\" aria-labelledby=\"her-finner-du-21-ulike-dilemmaer\" role=\"region\" hidden>\n\t\t\t\t\n\n<div class=\"wp-block-columns is-layout-flex wp-container-core-columns-is-layout-1 wp-block-columns-is-layout-flex\">\n<div class=\"wp-block-column is-layout-flow wp-block-column-is-layout-flow\" style=\"flex-basis:100%\">\n<figure class=\"wp-block-table alignwide\"><table><tbody><tr><td>1<\/td><td>B\u00f8r fartdsdumpene ved skoler som er lagt ned fjernes?<\/td><\/tr><tr><td>2<\/td><td>B\u00f8r vi innf\u00f8re alkol\u00e5s p\u00e5 alle motorkj\u00f8ret\u00f8y?<\/td><\/tr><tr><td>3<\/td><td>En mobil sender signaler om hvor den er til enhver tid. B\u00f8r politiet ha tilgang til slike data for \u00e5 ta de som kj\u00f8rer for fort?<\/td><\/tr><tr><td>4<\/td><td>Hvem har ansvaret hvis en selvg\u00e5ende bil volder skade?<\/td><\/tr><tr><td>5<\/td><td>Gamle biler har ofte d\u00e5rlig sikkerhet. B\u00f8r det bli en grense for hvor gamle biler det er lov \u00e5 kj\u00f8re?<\/td><\/tr><tr><td>6<\/td><td>B\u00f8r en bussj\u00e5f\u00f8r kunne kaste av elever som oppf\u00f8rer seg d\u00e5rlig, eller gjelder plikten til \u00e5 kj\u00f8re elevene hjem uansett?<\/td><\/tr><tr><td>7<\/td><td>Er det greit \u00e5 \u00f8ke farten inn mot lyskryss for \u00e5 rekke \u00e5 komme over f\u00f8r det blir r\u00f8dt?<\/td><\/tr><tr><td>8<\/td><td>B\u00f8r det koste like mye \u00e5 passere bom for elbiler som for fossilbiler?<\/td><\/tr><tr><td>9<\/td><td>B\u00f8r man kunne bryte fartsgrensen hvis man blir n\u00e5dd igjen av utrykningskj\u00f8ret\u00f8y med bl\u00e5lys hvis veien er s\u00e5 smal at det ikke g\u00e5r an \u00e5 kj\u00f8re forbi?<\/td><\/tr><tr><td>10<\/td><td>Burde myndighetene gj\u00f8re det dyrere \u00e5 eie bil privat, slik at bildeling ble mer l\u00f8nnsomt?<\/td><\/tr><tr><td>11<\/td><td>B\u00f8r det v\u00e6re forbudt med el-sparkesykkel(elsykkel) i naturreservat slik det er n\u00e5?<\/td><\/tr><tr><td>12<\/td><td>B\u00f8r det innf\u00f8res h\u00f8yere fartsgrenser p\u00e5 tider av d\u00f8gnet da det er lite trafikk?<\/td><\/tr><tr><td>13<\/td><td>B\u00f8r det bli EU-kontroll ogs\u00e5 for mopeder og motorsykler?<\/td><\/tr><tr><td>14<\/td><td>B\u00f8r en alltid stoppe og sjekke hvis en kj\u00f8rer p\u00e5 et dyr uansett hvor lite dyret er?<\/td><\/tr><tr><td>15<\/td><td>B\u00f8r det bli forbudt \u00e5 sykle flere i bredden p\u00e5 svingete veier slik at biler lettere kan kj\u00f8re forbi?<\/td><\/tr><tr><td>16<\/td><td>For \u00e5 spare milj\u00f8et b\u00f8r det bli forbudt \u00e5 kj\u00f8re bil, utenom til og fra jobb og for transport av varer?<\/td><\/tr><tr><td>17<\/td><td>B\u00f8r kravene til \u00e5 kunne \u00f8vekj\u00f8re ogs\u00e5 gjelde p\u00e5 privat omr\u00e5de?&nbsp;<\/td><\/tr><tr><td>18<\/td><td>B\u00f8r det innf\u00f8res et f\u00f8rerkort med begrensninger for nybegynnere slik som i Danmark?<\/td><\/tr><tr><td>19<\/td><td>Er det greit \u00e5 bruke tjenester som radarvarsling.no, og\/eller \u00e5 varsle om kontroll ved \u00e5 blinke med lysene?<\/td><\/tr><tr><td>20<\/td><td>Er det greit \u00e5 stoppe p\u00e5 gangfelt, eller m\u00e5 man da t\u00e5le \u00e5 bli en del av gangfeltet slik at folk kan g\u00e5 over bilen?<\/td><\/tr><tr><td>21<\/td><td>B\u00f8r det bli krav om snitt karakter 4 i valgfag trafikk for \u00e5 kunne ta f\u00f8rerkort?<\/td><\/tr><tr><td><\/td><td><\/td><\/tr><\/tbody><\/table><figcaption class=\"wp-element-caption\">Forslaget til ukens dilemmaer er sendt inn av l\u00e6rer Kjetil Berntsen ved Biri ungdomsskole.<\/figcaption><\/figure>\n<\/div>\n<\/div>\n\n\n\t\t\t<\/div>\n\t\t<\/div>\n<\/div>\n\n\n<h2 class=\"wp-block-heading\" id=\"h-lag-ditt-eget-trafikksikkerhetsarmband\">Lag ditt eget trafikksikkerhetsarmb\u00e5nd <\/h2>\n\n\n<div class=\"t2-accordion alignwide wp-block-t2-accordion\" data-allow-multiple=\"1\" role=\"list\">\n<div class=\"t2-accordion-item wp-block-t2-accordion-item\" role=\"listitem\">\n\t\t\t<h2 class=\"t2-accordion-title\">\n\t\t\t\t<button type=\"button\" class=\"t2-accordion-trigger\" id=\"design-ditt-eget-trafikksikkerhetsarmb\u00e5nd\" aria-controls=\"accordion-panel-3\" aria-expanded=\"false\">\n\t\t\t\t\tDesign ditt eget trafikksikkerhetsarmb\u00e5nd\n\t\t\t\t\t<span class=\"t2-accordion-icon is-closed-icon\"><\/span>\n\t\t\t\t\t<span class=\"t2-accordion-icon is-open-icon\"><\/span>\n\t\t\t\t<\/button>\n\t\t\t<\/h2>\n\t\t\t<div class=\"t2-accordion-item__inner-container is-layout-flow\" id=\"accordion-panel-3\" aria-labelledby=\"design-ditt-eget-trafikksikkerhetsarmb\u00e5nd\" role=\"region\" hidden>\n\t\t\t\t\n\n<p>Lag et unikt armb\u00e5nd hvor du velger et godt trafikkbudskap. M\u00e5let er spredning av det gode budskapet i valgfag trafikk. Dette armb\u00e5ndet kan du selge p\u00e5 messer, dele med de du er glad i eller gi som gaver.<\/p>\n\n\n\t\t\t<\/div>\n\t\t<\/div>\n\n<div class=\"t2-accordion-item wp-block-t2-accordion-item\" role=\"listitem\">\n\t\t\t<h2 class=\"t2-accordion-title\">\n\t\t\t\t<button type=\"button\" class=\"t2-accordion-trigger\" id=\"fremgangsm\u00e5te\" aria-controls=\"accordion-panel-4\" aria-expanded=\"false\">\n\t\t\t\t\tFremgangsm\u00e5te\n\t\t\t\t\t<span class=\"t2-accordion-icon is-closed-icon\"><\/span>\n\t\t\t\t\t<span class=\"t2-accordion-icon is-open-icon\"><\/span>\n\t\t\t\t<\/button>\n\t\t\t<\/h2>\n\t\t\t<div class=\"t2-accordion-item__inner-container is-layout-flow\" id=\"accordion-panel-4\" aria-labelledby=\"fremgangsm\u00e5te\" role=\"region\" hidden>\n\t\t\t\t\n\n<ol class=\"wp-block-list\">\n<li>Diskuter i grupper hva et godt trafikkbudskap kan v\u00e6re?<\/li>\n\n\n\n<li>Skriv ned alle forslag som gruppen kommer med og velg ut.<\/li>\n\n\n\n<li>Bruk bokstavperler til \u00e5 lage unike armb\u00e5nd med det viktige trafikkbudskapet.<\/li>\n<\/ol>\n\n\n\n<figure class=\"wp-block-image aligncenter size-full is-resized\"><img loading=\"lazy\" width=\"812\" height=\"500\" src=\"https:\/\/www.tryggtrafikk.no\/content\/uploads\/sites\/6\/2025\/02\/Skjermbilde-2025-02-03-kl.-14.43.38.png\" alt=\"\" class=\"wp-image-787\" style=\"width:563px;height:auto\" srcset=\"https:\/\/www.tryggtrafikk.no\/content\/uploads\/sites\/6\/2025\/02\/Skjermbilde-2025-02-03-kl.-14.43.38.png 812w, https:\/\/www.tryggtrafikk.no\/content\/uploads\/sites\/6\/2025\/02\/Skjermbilde-2025-02-03-kl.-14.43.38-300x185.png 300w, https:\/\/www.tryggtrafikk.no\/content\/uploads\/sites\/6\/2025\/02\/Skjermbilde-2025-02-03-kl.-14.43.38-768x473.png 768w\" sizes=\"auto, (max-width: 812px) 100vw, 812px\" \/><\/figure>\n\n\n\t\t\t<\/div>\n\t\t<\/div>\n<\/div>\n\n\t<div class=\"t2-byline wp-block-t2-byline t2-byline--has-avatar\" >\n\t\t\t\t\t<div class=\"t2-byline__author\" >\n\t\t\t\t\t\t\t\t\t<img alt='' src='https:\/\/secure.gravatar.com\/avatar\/?s=96&#038;d=mm&#038;r=g' class='avatar avatar-96 photo avatar-default' height='96' width='96' \/>\t\t\t\t\t\t\t\t<div class=\"t2-byline__author-name\">\n\t\t\t\t\t<a class=\"t2-byline__author-link\" href=\"https:\/\/www.tryggtrafikk.no\/ung\/author\/\">Amad Nasir<\/a>\n\t\t\t\t\t\t\t\t\t<\/div>\n\t\t\t<\/div>\n\t\t\t\t<div class=\"t2-byline__time\">\n\t\t\t\t\t\t\t<small class=\"entry-date\">\n\t\t\t\t\t<span class=\"screen-reader-text\">Lagt ut p\u00e5 <\/span>\n\t\t\t\t\tjanuar 14, 2025\t\t\t\t<\/small>\n\t\t\t\t\t\t\t\t<\/div>\n\t<\/div>\n\t","protected":false},"excerpt":{"rendered":"<p>Trafikk-dilemmaer til bruk i undervisningen. Lag ditt eget trafikksikkerhetsarmb\u00e5nd.<\/p>\n","protected":false},"author":57,"featured_media":634,"comment_status":"open","ping_status":"open","sticky":false,"template":"","format":"standard","meta":{"show_toc":false,"tryggtrafikk_poll_votes":[],"hide_header_title":false,"alt_breadcrumbs_title":"","footnotes":"","boosted":0},"categories":[7],"fylke":[],"cs_tag":[],"class_list":["post-632","post","type-post","status-publish","format-standard","has-post-thumbnail","hentry","category-aktuelt"],"yoast_head":"<!-- This site is optimized with the Yoast SEO Premium plugin v26.1 (Yoast SEO v26.1.1) - https:\/\/yoast.com\/wordpress\/plugins\/seo\/ -->\n<title>L\u00f8s v\u00e5rens trafikkoppgaver i valgfag trafikk - UNG<\/title>\n<meta name=\"robots\" content=\"index, follow, max-snippet:-1, max-image-preview:large, max-video-preview:-1\" \/>\n<link rel=\"canonical\" href=\"https:\/\/www.tryggtrafikk.no\/ung\/artikler\/aktuelt\/los-varens-trafikkoppgaver-i-valgfag-trafikk\/\" \/>\n<meta property=\"og:locale\" content=\"nb_NO\" \/>\n<meta property=\"og:type\" content=\"article\" \/>\n<meta property=\"og:title\" content=\"L\u00f8s v\u00e5rens trafikkoppgaver i valgfag trafikk\" \/>\n<meta property=\"og:description\" content=\"Trafikk-dilemmaer til bruk i undervisningen. Lag ditt eget trafikksikkerhetsarmb\u00e5nd.\" \/>\n<meta property=\"og:url\" content=\"https:\/\/www.tryggtrafikk.no\/ung\/artikler\/aktuelt\/los-varens-trafikkoppgaver-i-valgfag-trafikk\/\" \/>\n<meta property=\"og:site_name\" content=\"UNG\" \/>\n<meta property=\"article:published_time\" content=\"2025-01-14T12:17:03+00:00\" \/>\n<meta property=\"article:modified_time\" content=\"2025-02-03T14:01:34+00:00\" \/>\n<meta property=\"og:image\" content=\"https:\/\/www.tryggtrafikk.no\/content\/uploads\/sites\/6\/2025\/01\/Forebyggingsdag_Olav_Duun_vgs_TRY_01932_Foto_Barbro__Formo_Hanssen-scaled.jpg\" \/>\n\t<meta property=\"og:image:width\" content=\"2560\" \/>\n\t<meta property=\"og:image:height\" content=\"2208\" \/>\n\t<meta property=\"og:image:type\" content=\"image\/jpeg\" \/>\n<meta name=\"author\" content=\"Amad Nasir\" \/>\n<meta name=\"twitter:card\" content=\"summary_large_image\" \/>\n<meta name=\"twitter:label1\" content=\"Skrevet av\" \/>\n\t<meta name=\"twitter:data1\" content=\"Amad Nasir\" \/>\n\t<meta name=\"twitter:label2\" content=\"Ansl. lesetid\" \/>\n\t<meta name=\"twitter:data2\" content=\"4 minutter\" \/>\n<script type=\"application\/ld+json\" class=\"yoast-schema-graph\">{\"@context\":\"https:\/\/schema.org\",\"@graph\":[{\"@type\":\"WebPage\",\"@id\":\"https:\/\/www.tryggtrafikk.no\/ung\/artikler\/aktuelt\/los-varens-trafikkoppgaver-i-valgfag-trafikk\/\",\"url\":\"https:\/\/www.tryggtrafikk.no\/ung\/artikler\/aktuelt\/los-varens-trafikkoppgaver-i-valgfag-trafikk\/\",\"name\":\"L\u00f8s v\u00e5rens trafikkoppgaver i valgfag trafikk - UNG\",\"isPartOf\":{\"@id\":\"https:\/\/www.tryggtrafikk.no\/ung\/#website\"},\"primaryImageOfPage\":{\"@id\":\"https:\/\/www.tryggtrafikk.no\/ung\/artikler\/aktuelt\/los-varens-trafikkoppgaver-i-valgfag-trafikk\/#primaryimage\"},\"image\":{\"@id\":\"https:\/\/www.tryggtrafikk.no\/ung\/artikler\/aktuelt\/los-varens-trafikkoppgaver-i-valgfag-trafikk\/#primaryimage\"},\"thumbnailUrl\":\"https:\/\/www.tryggtrafikk.no\/content\/uploads\/sites\/6\/2025\/01\/Forebyggingsdag_Olav_Duun_vgs_TRY_01932_Foto_Barbro__Formo_Hanssen-scaled.jpg\",\"datePublished\":\"2025-01-14T12:17:03+00:00\",\"dateModified\":\"2025-02-03T14:01:34+00:00\",\"author\":{\"@id\":\"https:\/\/www.tryggtrafikk.no\/ung\/#\/schema\/person\/52bb1e4cab759948b7811ac2fef5c6e6\"},\"breadcrumb\":{\"@id\":\"https:\/\/www.tryggtrafikk.no\/ung\/artikler\/aktuelt\/los-varens-trafikkoppgaver-i-valgfag-trafikk\/#breadcrumb\"},\"inLanguage\":\"nb-NO\",\"potentialAction\":[{\"@type\":\"ReadAction\",\"target\":[\"https:\/\/www.tryggtrafikk.no\/ung\/artikler\/aktuelt\/los-varens-trafikkoppgaver-i-valgfag-trafikk\/\"]}]},{\"@type\":\"ImageObject\",\"inLanguage\":\"nb-NO\",\"@id\":\"https:\/\/www.tryggtrafikk.no\/ung\/artikler\/aktuelt\/los-varens-trafikkoppgaver-i-valgfag-trafikk\/#primaryimage\",\"url\":\"https:\/\/www.tryggtrafikk.no\/content\/uploads\/sites\/6\/2025\/01\/Forebyggingsdag_Olav_Duun_vgs_TRY_01932_Foto_Barbro__Formo_Hanssen-scaled.jpg\",\"contentUrl\":\"https:\/\/www.tryggtrafikk.no\/content\/uploads\/sites\/6\/2025\/01\/Forebyggingsdag_Olav_Duun_vgs_TRY_01932_Foto_Barbro__Formo_Hanssen-scaled.jpg\",\"width\":2560,\"height\":2208},{\"@type\":\"BreadcrumbList\",\"@id\":\"https:\/\/www.tryggtrafikk.no\/ung\/artikler\/aktuelt\/los-varens-trafikkoppgaver-i-valgfag-trafikk\/#breadcrumb\",\"itemListElement\":[{\"@type\":\"ListItem\",\"position\":1,\"name\":\"Home\",\"item\":\"https:\/\/www.tryggtrafikk.no\/ung\/\"},{\"@type\":\"ListItem\",\"position\":2,\"name\":\"L\u00f8s v\u00e5rens trafikkoppgaver i valgfag trafikk\"}]},{\"@type\":\"WebSite\",\"@id\":\"https:\/\/www.tryggtrafikk.no\/ung\/#website\",\"url\":\"https:\/\/www.tryggtrafikk.no\/ung\/\",\"name\":\"UNG\",\"description\":\"\",\"potentialAction\":[{\"@type\":\"SearchAction\",\"target\":{\"@type\":\"EntryPoint\",\"urlTemplate\":\"https:\/\/www.tryggtrafikk.no\/ung\/?s={search_term_string}\"},\"query-input\":{\"@type\":\"PropertyValueSpecification\",\"valueRequired\":true,\"valueName\":\"search_term_string\"}}],\"inLanguage\":\"nb-NO\"},{\"@type\":\"Person\",\"@id\":\"https:\/\/www.tryggtrafikk.no\/ung\/#\/schema\/person\/52bb1e4cab759948b7811ac2fef5c6e6\",\"name\":\"Amad Nasir\",\"image\":{\"@type\":\"ImageObject\",\"inLanguage\":\"nb-NO\",\"@id\":\"https:\/\/www.tryggtrafikk.no\/ung\/#\/schema\/person\/image\/\",\"url\":\"https:\/\/secure.gravatar.com\/avatar\/e28b53cd6e391d5c13694e755fa15111?s=96&d=mm&r=g\",\"contentUrl\":\"https:\/\/secure.gravatar.com\/avatar\/e28b53cd6e391d5c13694e755fa15111?s=96&d=mm&r=g\",\"caption\":\"Amad Nasir\"},\"sameAs\":[\"http:\/\/Tryggtrafikk.no\"],\"url\":\"https:\/\/www.tryggtrafikk.no\/ung\/author\/nasirtryggtrafikk-no\/\"}]}<\/script>\n<!-- \/ Yoast SEO Premium plugin. -->","yoast_head_json":{"title":"L\u00f8s v\u00e5rens trafikkoppgaver i valgfag trafikk - UNG","robots":{"index":"index","follow":"follow","max-snippet":"max-snippet:-1","max-image-preview":"max-image-preview:large","max-video-preview":"max-video-preview:-1"},"canonical":"https:\/\/www.tryggtrafikk.no\/ung\/artikler\/aktuelt\/los-varens-trafikkoppgaver-i-valgfag-trafikk\/","og_locale":"nb_NO","og_type":"article","og_title":"L\u00f8s v\u00e5rens trafikkoppgaver i valgfag trafikk","og_description":"Trafikk-dilemmaer til bruk i undervisningen. Lag ditt eget trafikksikkerhetsarmb\u00e5nd.","og_url":"https:\/\/www.tryggtrafikk.no\/ung\/artikler\/aktuelt\/los-varens-trafikkoppgaver-i-valgfag-trafikk\/","og_site_name":"UNG","article_published_time":"2025-01-14T12:17:03+00:00","article_modified_time":"2025-02-03T14:01:34+00:00","og_image":[{"width":2560,"height":2208,"url":"https:\/\/www.tryggtrafikk.no\/content\/uploads\/sites\/6\/2025\/01\/Forebyggingsdag_Olav_Duun_vgs_TRY_01932_Foto_Barbro__Formo_Hanssen-scaled.jpg","type":"image\/jpeg"}],"author":"Amad Nasir","twitter_card":"summary_large_image","twitter_misc":{"Skrevet av":"Amad Nasir","Ansl. lesetid":"4 minutter"},"schema":{"@context":"https:\/\/schema.org","@graph":[{"@type":"WebPage","@id":"https:\/\/www.tryggtrafikk.no\/ung\/artikler\/aktuelt\/los-varens-trafikkoppgaver-i-valgfag-trafikk\/","url":"https:\/\/www.tryggtrafikk.no\/ung\/artikler\/aktuelt\/los-varens-trafikkoppgaver-i-valgfag-trafikk\/","name":"L\u00f8s v\u00e5rens trafikkoppgaver i valgfag trafikk - UNG","isPartOf":{"@id":"https:\/\/www.tryggtrafikk.no\/ung\/#website"},"primaryImageOfPage":{"@id":"https:\/\/www.tryggtrafikk.no\/ung\/artikler\/aktuelt\/los-varens-trafikkoppgaver-i-valgfag-trafikk\/#primaryimage"},"image":{"@id":"https:\/\/www.tryggtrafikk.no\/ung\/artikler\/aktuelt\/los-varens-trafikkoppgaver-i-valgfag-trafikk\/#primaryimage"},"thumbnailUrl":"https:\/\/www.tryggtrafikk.no\/content\/uploads\/sites\/6\/2025\/01\/Forebyggingsdag_Olav_Duun_vgs_TRY_01932_Foto_Barbro__Formo_Hanssen-scaled.jpg","datePublished":"2025-01-14T12:17:03+00:00","dateModified":"2025-02-03T14:01:34+00:00","author":{"@id":"https:\/\/www.tryggtrafikk.no\/ung\/#\/schema\/person\/52bb1e4cab759948b7811ac2fef5c6e6"},"breadcrumb":{"@id":"https:\/\/www.tryggtrafikk.no\/ung\/artikler\/aktuelt\/los-varens-trafikkoppgaver-i-valgfag-trafikk\/#breadcrumb"},"inLanguage":"nb-NO","potentialAction":[{"@type":"ReadAction","target":["https:\/\/www.tryggtrafikk.no\/ung\/artikler\/aktuelt\/los-varens-trafikkoppgaver-i-valgfag-trafikk\/"]}]},{"@type":"ImageObject","inLanguage":"nb-NO","@id":"https:\/\/www.tryggtrafikk.no\/ung\/artikler\/aktuelt\/los-varens-trafikkoppgaver-i-valgfag-trafikk\/#primaryimage","url":"https:\/\/www.tryggtrafikk.no\/content\/uploads\/sites\/6\/2025\/01\/Forebyggingsdag_Olav_Duun_vgs_TRY_01932_Foto_Barbro__Formo_Hanssen-scaled.jpg","contentUrl":"https:\/\/www.tryggtrafikk.no\/content\/uploads\/sites\/6\/2025\/01\/Forebyggingsdag_Olav_Duun_vgs_TRY_01932_Foto_Barbro__Formo_Hanssen-scaled.jpg","width":2560,"height":2208},{"@type":"BreadcrumbList","@id":"https:\/\/www.tryggtrafikk.no\/ung\/artikler\/aktuelt\/los-varens-trafikkoppgaver-i-valgfag-trafikk\/#breadcrumb","itemListElement":[{"@type":"ListItem","position":1,"name":"Home","item":"https:\/\/www.tryggtrafikk.no\/ung\/"},{"@type":"ListItem","position":2,"name":"L\u00f8s v\u00e5rens trafikkoppgaver i valgfag trafikk"}]},{"@type":"WebSite","@id":"https:\/\/www.tryggtrafikk.no\/ung\/#website","url":"https:\/\/www.tryggtrafikk.no\/ung\/","name":"UNG","description":"","potentialAction":[{"@type":"SearchAction","target":{"@type":"EntryPoint","urlTemplate":"https:\/\/www.tryggtrafikk.no\/ung\/?s={search_term_string}"},"query-input":{"@type":"PropertyValueSpecification","valueRequired":true,"valueName":"search_term_string"}}],"inLanguage":"nb-NO"},{"@type":"Person","@id":"https:\/\/www.tryggtrafikk.no\/ung\/#\/schema\/person\/52bb1e4cab759948b7811ac2fef5c6e6","name":"Amad Nasir","image":{"@type":"ImageObject","inLanguage":"nb-NO","@id":"https:\/\/www.tryggtrafikk.no\/ung\/#\/schema\/person\/image\/","url":"https:\/\/secure.gravatar.com\/avatar\/e28b53cd6e391d5c13694e755fa15111?s=96&d=mm&r=g","contentUrl":"https:\/\/secure.gravatar.com\/avatar\/e28b53cd6e391d5c13694e755fa15111?s=96&d=mm&r=g","caption":"Amad Nasir"},"sameAs":["http:\/\/Tryggtrafikk.no"],"url":"https:\/\/www.tryggtrafikk.no\/ung\/author\/nasirtryggtrafikk-no\/"}]}},"_links":{"self":[{"href":"https:\/\/www.tryggtrafikk.no\/ung\/wp-json\/wp\/v2\/posts\/632","targetHints":{"allow":["GET"]}}],"collection":[{"href":"https:\/\/www.tryggtrafikk.no\/ung\/wp-json\/wp\/v2\/posts"}],"about":[{"href":"https:\/\/www.tryggtrafikk.no\/ung\/wp-json\/wp\/v2\/types\/post"}],"author":[{"embeddable":true,"href":"https:\/\/www.tryggtrafikk.no\/ung\/wp-json\/wp\/v2\/users\/57"}],"replies":[{"embeddable":true,"href":"https:\/\/www.tryggtrafikk.no\/ung\/wp-json\/wp\/v2\/comments?post=632"}],"version-history":[{"count":5,"href":"https:\/\/www.tryggtrafikk.no\/ung\/wp-json\/wp\/v2\/posts\/632\/revisions"}],"predecessor-version":[{"id":797,"href":"https:\/\/www.tryggtrafikk.no\/ung\/wp-json\/wp\/v2\/posts\/632\/revisions\/797"}],"wp:featuredmedia":[{"embeddable":true,"href":"https:\/\/www.tryggtrafikk.no\/ung\/wp-json\/wp\/v2\/media\/634"}],"wp:attachment":[{"href":"https:\/\/www.tryggtrafikk.no\/ung\/wp-json\/wp\/v2\/media?parent=632"}],"wp:term":[{"taxonomy":"category","embeddable":true,"href":"https:\/\/www.tryggtrafikk.no\/ung\/wp-json\/wp\/v2\/categories?post=632"},{"taxonomy":"fylke","embeddable":true,"href":"https:\/\/www.tryggtrafikk.no\/ung\/wp-json\/wp\/v2\/fylke?post=632"},{"taxonomy":"cs_tag","embeddable":true,"href":"https:\/\/www.tryggtrafikk.no\/ung\/wp-json\/wp\/v2\/cs_tag?post=632"}],"curies":[{"name":"wp","href":"https:\/\/api.w.org\/{rel}","templated":true}]}}