{"id":808,"date":"2025-02-14T11:37:46","date_gmt":"2025-02-14T11:37:46","guid":{"rendered":"https:\/\/www.tryggtrafikk.no\/ung\/?p=808"},"modified":"2025-02-14T15:19:32","modified_gmt":"2025-02-14T15:19:32","slug":"valgfaget-trafikk-skaper-engasjement-i-tromso","status":"publish","type":"post","link":"https:\/\/www.tryggtrafikk.no\/ung\/artikler\/aktuelt\/valgfaget-trafikk-skaper-engasjement-i-tromso\/","title":{"rendered":"Valgfaget trafikk skaper engasjement i Troms\u00f8"},"content":{"rendered":"<div class=\"site-breadcrumbs has-text-align-left\"><span><span><a href=\"https:\/\/www.tryggtrafikk.no\/ung\/\">Home<\/a><\/span><\/span><\/div><h1 class=\"wp-block-post-title\">Valgfaget trafikk skaper engasjement i Troms\u00f8<\/h1>\n\n\n<figure class=\"wp-block-image aligncenter size-full is-resized\"><img loading=\"lazy\" width=\"519\" height=\"552\" src=\"https:\/\/www.tryggtrafikk.no\/content\/uploads\/sites\/6\/2025\/02\/Skjermbilde-2025-02-14-kl.-12.06.17.png\" alt=\"Elevene l\u00e6rer om \u00e5 gi livreddende f\u00f8rstehjelp.\" class=\"wp-image-810\" style=\"width:418px;height:auto\" srcset=\"https:\/\/www.tryggtrafikk.no\/content\/uploads\/sites\/6\/2025\/02\/Skjermbilde-2025-02-14-kl.-12.06.17.png 519w, https:\/\/www.tryggtrafikk.no\/content\/uploads\/sites\/6\/2025\/02\/Skjermbilde-2025-02-14-kl.-12.06.17-282x300.png 282w\" sizes=\"auto, (max-width: 519px) 100vw, 519px\" \/><figcaption class=\"wp-element-caption\">Elever jobber med \u00e5 \u00f8ve p\u00e5 livreddende f\u00f8rstehjelp i undervisningen.<\/figcaption><\/figure>\n\n\n\t<div class=\"t2-byline wp-block-t2-byline\" >\n\t\t\t\t<div class=\"t2-byline__time\">\n\t\t\t\t\t\t\t<small class=\"entry-date\">\n\t\t\t\t\t<span class=\"screen-reader-text\">Lagt ut p\u00e5 <\/span>\n\t\t\t\t\tfebruar 14, 2025\t\t\t\t<\/small>\n\t\t\t\t\t\t\t\t<\/div>\n\t<\/div>\n\t\n\n\n<p><strong>Valgfag trafikk har blitt en suksess i Troms\u00f8, og tiltrekker seg stadig flere elever som \u00f8nsker \u00e5 l\u00e6re om trafikksikkerhet, holdninger og praktisk undervisning. <\/strong><\/p>\n\n\n\n\t\t<div class=\"t2-factbox wp-block-t2-factbox\" id=\"t2-factbox\">\n\t\t\t<div class=\"t2-factbox__content\">\n\t\t\t\t<div class=\"t2-factbox__blocks t2-factbox__inner-container is-layout-flow\">\n\t\t\t\t\t\n\n<h2 class=\"wp-block-heading\" id=\"h-ferske-tall-fra-skolearet-2024-2025\">Ferske tall fra skole\u00e5ret 2024\/2025<\/h2>\n\n\n\n<p>8,8 % av ungdomsskoleelevene i Troms har trafikk som valgfag. Andelen er omtrent det dobbelte som for hele landet. Hele 33,3 % av ungdomsskolene i Troms fylke tilbyr faget. &nbsp;<\/p>\n\n\n\t\t\t\t<\/div>\n\t\t\t\t\n\t\t\t<\/div>\n\t\t\t\n\t\t<\/div>\n\n\n<h3 class=\"wp-block-heading\" id=\"h-radioreportasje-og-tv-innslag-setter-faget-i-sokelyset\"><strong><strong>Radioreportasje og TV-innslag setter faget i s\u00f8kelyset<\/strong><\/strong><\/h3>\n\n\n\n<p>NRK Troms har laget en radioreportasje og et TV-innslag i samarbeid med regionleder, Helga Anette i Troms. Innslaget viser hvordan faget gjennomf\u00f8res, og hva det betyr for elevene.<\/p>\n\n\n\n<p>I TV-innslaget fulgte kameraene elevene under en praktisk \u00f8velse der de simulerte en trafikkulykke og \u00f8vet p\u00e5 \u00e5 gi livreddende f\u00f8rstehjelp. <\/p>\n\n\n\n<p>Det kan du se p\u00e5 innslag nr. 10 Trafikk som valgfag ved \u00e5 klikke p\u00e5 knappen under;<\/p>\n\n\n\n<div class=\"wp-block-buttons is-layout-flex wp-block-buttons-is-layout-flex\">\n<div class=\"wp-block-button\"><a class=\"wp-block-button__link wp-element-button\" href=\"https:\/\/nor01.safelinks.protection.outlook.com\/?url=https%3A%2F%2Ftv.nrk.no%2Fse%3Fv%3DDKTR98021325%26t%3D697s&amp;data=05%7C02%7Cnasir%40tryggtrafikk.no%7C74b731a8ce55452589a408dd4cd37b73%7Cfa07c16d8c67450fa26a6c03d1826b55%7C1%7C0%7C638751193361709235%7CUnknown%7CTWFpbGZsb3d8eyJFbXB0eU1hcGkiOnRydWUsIlYiOiIwLjAuMDAwMCIsIlAiOiJXaW4zMiIsIkFOIjoiTWFpbCIsIldUIjoyfQ%3D%3D%7C0%7C%7C%7C&amp;sdata=szmXROZtNEQZ0iH%2BZwNo7ZxyJiTmVkiB2873%2FD5vOmM%3D&amp;reserved=0\" target=\"_blank\" rel=\"noreferrer noopener\">NRK TV Nordnytt<\/a><\/div>\n\n\n\n<div class=\"wp-block-button\"><a class=\"wp-block-button__link wp-element-button\" href=\"https:\/\/radio.nrk.no\/serie\/distriktsprogram-troms\/sesong\/202501\/DKTR01001925#t=18m52s\" target=\"_blank\" rel=\"noreferrer noopener\">Radiosending fra NRK i Troms<\/a><\/div>\n<\/div>\n\n\n\n<h3 class=\"wp-block-heading\" id=\"h-praktisk-oving-og-teori-hand-i-hand\"><strong>Praktisk \u00f8ving og teori h\u00e5nd i h\u00e5nd<\/strong><\/h3>\n\n\n\n<p>P\u00e5 Sommerlyst ungdomsskole i Troms\u00f8 har de i \u00e5r til sammen 54 elever i dette faget.<\/p>\n\n\n\n<p><em>-Vi ser at det appellerer til elever som ikke er s\u00e5 sterke i andre fag, de elevene kommer mer p\u00e5 banen n\u00e5r de har valgfaget trafikk, sier Knut-G\u00f8ran Str\u00f8mholt, som underviser i valgfaget trafikk ved Sommerlyst ungdomsskole.<\/em><\/p>\n\n\n\n<p>Salem Tewelde, en av elevene i 10. klasse sier;<\/p>\n\n\n\n<p><em>-Jeg har l\u00e6rt det jeg ikke kunne fra f\u00f8r av og masse nytt om livredning og hva man f\u00f8rst skal gj\u00f8re, hvis det er en ulykke man ser.<\/em><\/p>\n\n\n\n<p>N\u00e5r l\u00e6reren mot slutten av dagen sp\u00f8r hvordan de f\u00f8ler det har g\u00e5tt etter denne timen;<\/p>\n\n\n\n<p><em>Alva Danielsen Johansen svarer at jeg f\u00f8ler meg mye mer \u00abrusta\u00bb enn hva jeg hadde f\u00f8lt hvis jeg ikke hadde hatt denne undervisningen.<\/em><\/p>\n\n\n\n<p>Melhus legger til at dette valgfaget i ungdomsskolen er et sv\u00e6rt sentralt tiltak, og Trygg Trafikk st\u00f8tter skolene med kompetanseutvikling og digitale l\u00e6ringsressurser.<\/p>\n","protected":false},"excerpt":{"rendered":"<p>Elever og l\u00e6rer i aksjon ved Sommerlyst ungdomsskole.<\/p>\n","protected":false},"author":57,"featured_media":810,"comment_status":"open","ping_status":"open","sticky":false,"template":"","format":"standard","meta":{"show_toc":false,"tryggtrafikk_poll_votes":[],"hide_header_title":false,"alt_breadcrumbs_title":"","footnotes":"","boosted":0},"categories":[7],"fylke":[],"cs_tag":[],"class_list":["post-808","post","type-post","status-publish","format-standard","has-post-thumbnail","hentry","category-aktuelt"],"yoast_head":"<!-- This site is optimized with the Yoast SEO Premium plugin v26.1 (Yoast SEO v26.1.1) - https:\/\/yoast.com\/wordpress\/plugins\/seo\/ -->\n<title>Valgfaget trafikk skaper engasjement i Troms\u00f8 - UNG<\/title>\n<meta name=\"robots\" content=\"index, follow, max-snippet:-1, max-image-preview:large, max-video-preview:-1\" \/>\n<link rel=\"canonical\" href=\"https:\/\/www.tryggtrafikk.no\/ung\/artikler\/aktuelt\/valgfaget-trafikk-skaper-engasjement-i-tromso\/\" \/>\n<meta property=\"og:locale\" content=\"nb_NO\" \/>\n<meta property=\"og:type\" content=\"article\" \/>\n<meta property=\"og:title\" content=\"Valgfaget trafikk skaper engasjement i Troms\u00f8\" \/>\n<meta property=\"og:description\" content=\"Elever og l\u00e6rer i aksjon ved Sommerlyst ungdomsskole.\" \/>\n<meta property=\"og:url\" content=\"https:\/\/www.tryggtrafikk.no\/ung\/artikler\/aktuelt\/valgfaget-trafikk-skaper-engasjement-i-tromso\/\" \/>\n<meta property=\"og:site_name\" content=\"UNG\" \/>\n<meta property=\"article:published_time\" content=\"2025-02-14T11:37:46+00:00\" \/>\n<meta property=\"article:modified_time\" content=\"2025-02-14T15:19:32+00:00\" \/>\n<meta property=\"og:image\" content=\"https:\/\/www.tryggtrafikk.no\/content\/uploads\/sites\/6\/2025\/02\/Skjermbilde-2025-02-14-kl.-12.06.17.png\" \/>\n\t<meta property=\"og:image:width\" content=\"519\" \/>\n\t<meta property=\"og:image:height\" content=\"552\" \/>\n\t<meta property=\"og:image:type\" content=\"image\/png\" \/>\n<meta name=\"author\" content=\"Amad Nasir\" \/>\n<meta name=\"twitter:card\" content=\"summary_large_image\" \/>\n<meta name=\"twitter:label1\" content=\"Skrevet av\" \/>\n\t<meta name=\"twitter:data1\" content=\"Amad Nasir\" \/>\n\t<meta name=\"twitter:label2\" content=\"Ansl. lesetid\" \/>\n\t<meta name=\"twitter:data2\" content=\"2 minutter\" \/>\n<script type=\"application\/ld+json\" class=\"yoast-schema-graph\">{\"@context\":\"https:\/\/schema.org\",\"@graph\":[{\"@type\":\"WebPage\",\"@id\":\"https:\/\/www.tryggtrafikk.no\/ung\/artikler\/aktuelt\/valgfaget-trafikk-skaper-engasjement-i-tromso\/\",\"url\":\"https:\/\/www.tryggtrafikk.no\/ung\/artikler\/aktuelt\/valgfaget-trafikk-skaper-engasjement-i-tromso\/\",\"name\":\"Valgfaget trafikk skaper engasjement i Troms\u00f8 - UNG\",\"isPartOf\":{\"@id\":\"https:\/\/www.tryggtrafikk.no\/ung\/#website\"},\"primaryImageOfPage\":{\"@id\":\"https:\/\/www.tryggtrafikk.no\/ung\/artikler\/aktuelt\/valgfaget-trafikk-skaper-engasjement-i-tromso\/#primaryimage\"},\"image\":{\"@id\":\"https:\/\/www.tryggtrafikk.no\/ung\/artikler\/aktuelt\/valgfaget-trafikk-skaper-engasjement-i-tromso\/#primaryimage\"},\"thumbnailUrl\":\"https:\/\/www.tryggtrafikk.no\/content\/uploads\/sites\/6\/2025\/02\/Skjermbilde-2025-02-14-kl.-12.06.17.png\",\"datePublished\":\"2025-02-14T11:37:46+00:00\",\"dateModified\":\"2025-02-14T15:19:32+00:00\",\"author\":{\"@id\":\"https:\/\/www.tryggtrafikk.no\/ung\/#\/schema\/person\/52bb1e4cab759948b7811ac2fef5c6e6\"},\"breadcrumb\":{\"@id\":\"https:\/\/www.tryggtrafikk.no\/ung\/artikler\/aktuelt\/valgfaget-trafikk-skaper-engasjement-i-tromso\/#breadcrumb\"},\"inLanguage\":\"nb-NO\",\"potentialAction\":[{\"@type\":\"ReadAction\",\"target\":[\"https:\/\/www.tryggtrafikk.no\/ung\/artikler\/aktuelt\/valgfaget-trafikk-skaper-engasjement-i-tromso\/\"]}]},{\"@type\":\"ImageObject\",\"inLanguage\":\"nb-NO\",\"@id\":\"https:\/\/www.tryggtrafikk.no\/ung\/artikler\/aktuelt\/valgfaget-trafikk-skaper-engasjement-i-tromso\/#primaryimage\",\"url\":\"https:\/\/www.tryggtrafikk.no\/content\/uploads\/sites\/6\/2025\/02\/Skjermbilde-2025-02-14-kl.-12.06.17.png\",\"contentUrl\":\"https:\/\/www.tryggtrafikk.no\/content\/uploads\/sites\/6\/2025\/02\/Skjermbilde-2025-02-14-kl.-12.06.17.png\",\"width\":519,\"height\":552,\"caption\":\"Elevene l\u00e6rer om \u00e5 gi livreddende f\u00f8rstehjelp\"},{\"@type\":\"BreadcrumbList\",\"@id\":\"https:\/\/www.tryggtrafikk.no\/ung\/artikler\/aktuelt\/valgfaget-trafikk-skaper-engasjement-i-tromso\/#breadcrumb\",\"itemListElement\":[{\"@type\":\"ListItem\",\"position\":1,\"name\":\"Home\",\"item\":\"https:\/\/www.tryggtrafikk.no\/ung\/\"},{\"@type\":\"ListItem\",\"position\":2,\"name\":\"Valgfaget trafikk skaper engasjement i Troms\u00f8\"}]},{\"@type\":\"WebSite\",\"@id\":\"https:\/\/www.tryggtrafikk.no\/ung\/#website\",\"url\":\"https:\/\/www.tryggtrafikk.no\/ung\/\",\"name\":\"UNG\",\"description\":\"\",\"potentialAction\":[{\"@type\":\"SearchAction\",\"target\":{\"@type\":\"EntryPoint\",\"urlTemplate\":\"https:\/\/www.tryggtrafikk.no\/ung\/?s={search_term_string}\"},\"query-input\":{\"@type\":\"PropertyValueSpecification\",\"valueRequired\":true,\"valueName\":\"search_term_string\"}}],\"inLanguage\":\"nb-NO\"},{\"@type\":\"Person\",\"@id\":\"https:\/\/www.tryggtrafikk.no\/ung\/#\/schema\/person\/52bb1e4cab759948b7811ac2fef5c6e6\",\"name\":\"Amad Nasir\",\"image\":{\"@type\":\"ImageObject\",\"inLanguage\":\"nb-NO\",\"@id\":\"https:\/\/www.tryggtrafikk.no\/ung\/#\/schema\/person\/image\/\",\"url\":\"https:\/\/secure.gravatar.com\/avatar\/e28b53cd6e391d5c13694e755fa15111?s=96&d=mm&r=g\",\"contentUrl\":\"https:\/\/secure.gravatar.com\/avatar\/e28b53cd6e391d5c13694e755fa15111?s=96&d=mm&r=g\",\"caption\":\"Amad Nasir\"},\"sameAs\":[\"http:\/\/Tryggtrafikk.no\"],\"url\":\"https:\/\/www.tryggtrafikk.no\/ung\/author\/nasirtryggtrafikk-no\/\"}]}<\/script>\n<!-- \/ Yoast SEO Premium plugin. -->","yoast_head_json":{"title":"Valgfaget trafikk skaper engasjement i Troms\u00f8 - UNG","robots":{"index":"index","follow":"follow","max-snippet":"max-snippet:-1","max-image-preview":"max-image-preview:large","max-video-preview":"max-video-preview:-1"},"canonical":"https:\/\/www.tryggtrafikk.no\/ung\/artikler\/aktuelt\/valgfaget-trafikk-skaper-engasjement-i-tromso\/","og_locale":"nb_NO","og_type":"article","og_title":"Valgfaget trafikk skaper engasjement i Troms\u00f8","og_description":"Elever og l\u00e6rer i aksjon ved Sommerlyst ungdomsskole.","og_url":"https:\/\/www.tryggtrafikk.no\/ung\/artikler\/aktuelt\/valgfaget-trafikk-skaper-engasjement-i-tromso\/","og_site_name":"UNG","article_published_time":"2025-02-14T11:37:46+00:00","article_modified_time":"2025-02-14T15:19:32+00:00","og_image":[{"width":519,"height":552,"url":"https:\/\/www.tryggtrafikk.no\/content\/uploads\/sites\/6\/2025\/02\/Skjermbilde-2025-02-14-kl.-12.06.17.png","type":"image\/png"}],"author":"Amad Nasir","twitter_card":"summary_large_image","twitter_misc":{"Skrevet av":"Amad Nasir","Ansl. lesetid":"2 minutter"},"schema":{"@context":"https:\/\/schema.org","@graph":[{"@type":"WebPage","@id":"https:\/\/www.tryggtrafikk.no\/ung\/artikler\/aktuelt\/valgfaget-trafikk-skaper-engasjement-i-tromso\/","url":"https:\/\/www.tryggtrafikk.no\/ung\/artikler\/aktuelt\/valgfaget-trafikk-skaper-engasjement-i-tromso\/","name":"Valgfaget trafikk skaper engasjement i Troms\u00f8 - UNG","isPartOf":{"@id":"https:\/\/www.tryggtrafikk.no\/ung\/#website"},"primaryImageOfPage":{"@id":"https:\/\/www.tryggtrafikk.no\/ung\/artikler\/aktuelt\/valgfaget-trafikk-skaper-engasjement-i-tromso\/#primaryimage"},"image":{"@id":"https:\/\/www.tryggtrafikk.no\/ung\/artikler\/aktuelt\/valgfaget-trafikk-skaper-engasjement-i-tromso\/#primaryimage"},"thumbnailUrl":"https:\/\/www.tryggtrafikk.no\/content\/uploads\/sites\/6\/2025\/02\/Skjermbilde-2025-02-14-kl.-12.06.17.png","datePublished":"2025-02-14T11:37:46+00:00","dateModified":"2025-02-14T15:19:32+00:00","author":{"@id":"https:\/\/www.tryggtrafikk.no\/ung\/#\/schema\/person\/52bb1e4cab759948b7811ac2fef5c6e6"},"breadcrumb":{"@id":"https:\/\/www.tryggtrafikk.no\/ung\/artikler\/aktuelt\/valgfaget-trafikk-skaper-engasjement-i-tromso\/#breadcrumb"},"inLanguage":"nb-NO","potentialAction":[{"@type":"ReadAction","target":["https:\/\/www.tryggtrafikk.no\/ung\/artikler\/aktuelt\/valgfaget-trafikk-skaper-engasjement-i-tromso\/"]}]},{"@type":"ImageObject","inLanguage":"nb-NO","@id":"https:\/\/www.tryggtrafikk.no\/ung\/artikler\/aktuelt\/valgfaget-trafikk-skaper-engasjement-i-tromso\/#primaryimage","url":"https:\/\/www.tryggtrafikk.no\/content\/uploads\/sites\/6\/2025\/02\/Skjermbilde-2025-02-14-kl.-12.06.17.png","contentUrl":"https:\/\/www.tryggtrafikk.no\/content\/uploads\/sites\/6\/2025\/02\/Skjermbilde-2025-02-14-kl.-12.06.17.png","width":519,"height":552,"caption":"Elevene l\u00e6rer om \u00e5 gi livreddende f\u00f8rstehjelp"},{"@type":"BreadcrumbList","@id":"https:\/\/www.tryggtrafikk.no\/ung\/artikler\/aktuelt\/valgfaget-trafikk-skaper-engasjement-i-tromso\/#breadcrumb","itemListElement":[{"@type":"ListItem","position":1,"name":"Home","item":"https:\/\/www.tryggtrafikk.no\/ung\/"},{"@type":"ListItem","position":2,"name":"Valgfaget trafikk skaper engasjement i Troms\u00f8"}]},{"@type":"WebSite","@id":"https:\/\/www.tryggtrafikk.no\/ung\/#website","url":"https:\/\/www.tryggtrafikk.no\/ung\/","name":"UNG","description":"","potentialAction":[{"@type":"SearchAction","target":{"@type":"EntryPoint","urlTemplate":"https:\/\/www.tryggtrafikk.no\/ung\/?s={search_term_string}"},"query-input":{"@type":"PropertyValueSpecification","valueRequired":true,"valueName":"search_term_string"}}],"inLanguage":"nb-NO"},{"@type":"Person","@id":"https:\/\/www.tryggtrafikk.no\/ung\/#\/schema\/person\/52bb1e4cab759948b7811ac2fef5c6e6","name":"Amad Nasir","image":{"@type":"ImageObject","inLanguage":"nb-NO","@id":"https:\/\/www.tryggtrafikk.no\/ung\/#\/schema\/person\/image\/","url":"https:\/\/secure.gravatar.com\/avatar\/e28b53cd6e391d5c13694e755fa15111?s=96&d=mm&r=g","contentUrl":"https:\/\/secure.gravatar.com\/avatar\/e28b53cd6e391d5c13694e755fa15111?s=96&d=mm&r=g","caption":"Amad Nasir"},"sameAs":["http:\/\/Tryggtrafikk.no"],"url":"https:\/\/www.tryggtrafikk.no\/ung\/author\/nasirtryggtrafikk-no\/"}]}},"_links":{"self":[{"href":"https:\/\/www.tryggtrafikk.no\/ung\/wp-json\/wp\/v2\/posts\/808","targetHints":{"allow":["GET"]}}],"collection":[{"href":"https:\/\/www.tryggtrafikk.no\/ung\/wp-json\/wp\/v2\/posts"}],"about":[{"href":"https:\/\/www.tryggtrafikk.no\/ung\/wp-json\/wp\/v2\/types\/post"}],"author":[{"embeddable":true,"href":"https:\/\/www.tryggtrafikk.no\/ung\/wp-json\/wp\/v2\/users\/57"}],"replies":[{"embeddable":true,"href":"https:\/\/www.tryggtrafikk.no\/ung\/wp-json\/wp\/v2\/comments?post=808"}],"version-history":[{"count":5,"href":"https:\/\/www.tryggtrafikk.no\/ung\/wp-json\/wp\/v2\/posts\/808\/revisions"}],"predecessor-version":[{"id":838,"href":"https:\/\/www.tryggtrafikk.no\/ung\/wp-json\/wp\/v2\/posts\/808\/revisions\/838"}],"wp:featuredmedia":[{"embeddable":true,"href":"https:\/\/www.tryggtrafikk.no\/ung\/wp-json\/wp\/v2\/media\/810"}],"wp:attachment":[{"href":"https:\/\/www.tryggtrafikk.no\/ung\/wp-json\/wp\/v2\/media?parent=808"}],"wp:term":[{"taxonomy":"category","embeddable":true,"href":"https:\/\/www.tryggtrafikk.no\/ung\/wp-json\/wp\/v2\/categories?post=808"},{"taxonomy":"fylke","embeddable":true,"href":"https:\/\/www.tryggtrafikk.no\/ung\/wp-json\/wp\/v2\/fylke?post=808"},{"taxonomy":"cs_tag","embeddable":true,"href":"https:\/\/www.tryggtrafikk.no\/ung\/wp-json\/wp\/v2\/cs_tag?post=808"}],"curies":[{"name":"wp","href":"https:\/\/api.w.org\/{rel}","templated":true}]}}